{"id":30054,"date":"2019-03-02T14:39:24","date_gmt":"2019-03-02T13:39:24","guid":{"rendered":"http:\/\/www.messinaoggi.it\/website\/?p=30054"},"modified":"2019-03-02T14:39:24","modified_gmt":"2019-03-02T13:39:24","slug":"il-ciss-messina-domani-ricorda-sturzo-a-cristo-re","status":"publish","type":"post","link":"https:\/\/www.messinaoggi.it\/website\/2019\/03\/02\/il-ciss-messina-domani-ricorda-sturzo-a-cristo-re\/","title":{"rendered":"Il Ciss Messina domani ricorda Sturzo a Cristo Re"},"content":{"rendered":"<p>Convegno su: &#8220;Gli ideali sturziani di Giustizia e Libert\u00e0, a cento anni dall&#8217;Appello ai Liberi e Forti&#8221; che il C.I.S.S. &#8211; Centro Internazionale Studi Sturzo \u2013 Messina, ha organizzato e che si svolger\u00e0 domenica prossima 3 marzo alle ore 9,30 a Cristo Re.<br \/>\nL\u2019incontro, nello specifico, oltre che costituire un\u2019occasione di celebrazione storica vuole essere un momento di riflessione sui valori che hanno caratterizzato l\u2019impegno di Don Sturzo in un tempo doloroso e complesso in cui povert\u00e0 e disagi, tutti, erano presenti; si era alla fine della I^ guerra mondiale e alla vigilia dei pi\u00f9 violenti e disastrosi totalitarismi.<br \/>\nEppure da quel difficile contesto, da don Sturzo \u00e8 spirato quel &#8220;soffio&#8221; di speranza e voglia di &#8220;essere civile&#8221; che partendo dalla Sicilia ha animato la storia nazionale determinando \u2018il verso\u2019 del quale a distanza di cento anni si parla con ammirazione e rispetto.<br \/>\nMolti cambiamenti in positivo nel frattempo sono avvenuti (e questo \u00e8 indubbio); ma tanti altri sono emersi, nuovi e complicati, apparentemente inestricabili, che trovano anche nella perdita di senso, di responsabilit\u00e0 sociale e sensibilit\u00e0 individuale, la loro causa. Che fare? Rassegnarsi o cercare di ricostituirsi una essenziale armatura di principi e valori etici e morali? Si pu\u00f2 ritenere che gli ideali sturziani di Giustizia e Libert\u00e0, i suoi messaggi di proposta e di speranza possono valere ancora oggi? Possiamo non ancorare ad essi il nostro impegno per pensare ancora possibile costruire una nuova e migliore societ\u00e0? Si pu\u00f2 pi\u00f9 continuare a non pensare alla obbligatoriet\u00e0 individuale dell\u2019azione civica?<br \/>\nQueste le domande che naturalmente ci si pone di fronte alla esperienza di Don Sturzo, di un siciliano guidato da una mansueta ostinazione all\u2019obbedienza, prima di tutto, alla coscienza, che ha dimostrato che la provenienza da un territorio povero non \u00e8 causa giustificante l\u2019astensionismo civile.<br \/>\nCon Don Sturzo abbiamo avuto il riscontro che la storia ci ha consegnato un uomo di specialissimo pregio che \u00e8 riuscito a illuminare le cose, le coscienze e le storie a cui si \u00e8 affacciato.<br \/>\nL&#8217;incontro di domenica 3 marzo vuole riconoscere a Don Sturzo questo suo merito e spereremmo che ci consenta di coglierne qualche frutto: convincerci che \u201c\u2026\u2026 il dovere dice speranza\u201d.<div id=\"div-gpt-ad-Messinaoggi.it-DSK-300x250-corpoart\" style=\"text-align:center;margin:0 auto;\"><\/div><\/p>\n<div id=\"videoincontent\" style=\"clear:both\";><\/div>","protected":false},"excerpt":{"rendered":"<p>Convegno su: &#8220;Gli ideali sturziani di Giustizia e Libert\u00e0, a cento anni dall&#8217;Appello ai Liberi e Forti&#8221; che il C.I.S.S. &#8211; Centro Internazionale Studi Sturzo \u2013 Messina, ha organizzato e che si svolger\u00e0 domenica prossima 3 marzo alle ore 9,30 a Cristo Re. L\u2019incontro, nello specifico, oltre che costituire un\u2019occasione di celebrazione storica vuole essere [&hellip;]<\/p>\n","protected":false},"author":2,"featured_media":30055,"comment_status":"closed","ping_status":"open","sticky":false,"template":"","format":"standard","meta":{"ub_ctt_via":"","_mi_skip_tracking":false},"categories":[5],"tags":[],"featured_image_src":"https:\/\/www.messinaoggi.it\/website\/wp-content\/uploads\/2019\/03\/50B5EE06-303E-401C-8D6E-AF96AD0294E4.jpeg","author_info":{"display_name":"Redazione","author_link":"https:\/\/www.messinaoggi.it\/website\/author\/redazione\/"},"digistream_id":0,"digistream":false,"_links":{"self":[{"href":"https:\/\/www.messinaoggi.it\/website\/wp-json\/wp\/v2\/posts\/30054"}],"collection":[{"href":"https:\/\/www.messinaoggi.it\/website\/wp-json\/wp\/v2\/posts"}],"about":[{"href":"https:\/\/www.messinaoggi.it\/website\/wp-json\/wp\/v2\/types\/post"}],"author":[{"embeddable":true,"href":"https:\/\/www.messinaoggi.it\/website\/wp-json\/wp\/v2\/users\/2"}],"replies":[{"embeddable":true,"href":"https:\/\/www.messinaoggi.it\/website\/wp-json\/wp\/v2\/comments?post=30054"}],"version-history":[{"count":0,"href":"https:\/\/www.messinaoggi.it\/website\/wp-json\/wp\/v2\/posts\/30054\/revisions"}],"wp:featuredmedia":[{"embeddable":true,"href":"https:\/\/www.messinaoggi.it\/website\/wp-json\/wp\/v2\/media\/30055"}],"wp:attachment":[{"href":"https:\/\/www.messinaoggi.it\/website\/wp-json\/wp\/v2\/media?parent=30054"}],"wp:term":[{"taxonomy":"category","embeddable":true,"href":"https:\/\/www.messinaoggi.it\/website\/wp-json\/wp\/v2\/categories?post=30054"},{"taxonomy":"post_tag","embeddable":true,"href":"https:\/\/www.messinaoggi.it\/website\/wp-json\/wp\/v2\/tags?post=30054"}],"curies":[{"name":"wp","href":"https:\/\/api.w.org\/{rel}","templated":true}]}}