{"id":30050,"date":"2019-03-02T10:39:37","date_gmt":"2019-03-02T09:39:37","guid":{"rendered":"http:\/\/www.messinaoggi.it\/website\/?p=30050"},"modified":"2019-03-02T10:39:37","modified_gmt":"2019-03-02T09:39:37","slug":"le-criticita-della-sanita-messinese-proficuo-incontro-tra-lassessore-razza-il-prefetto-librizzi-ed-i-commissari","status":"publish","type":"post","link":"https:\/\/www.messinaoggi.it\/website\/2019\/03\/02\/le-criticita-della-sanita-messinese-proficuo-incontro-tra-lassessore-razza-il-prefetto-librizzi-ed-i-commissari\/","title":{"rendered":"Le criticit\u00e0 della sanit\u00e0 messinese: proficuo incontro tra l&#039;assessore Razza, il prefetto Librizzi ed i commissari"},"content":{"rendered":"<p>L&#8217;assessore regionale alla Salute, Ruggero Razza, accompagnato dai commissari delle quattro aziende sanitarie e ospedaliere della provincia di Messina, \u00e8 stato ricevuto dal prefetto Maria Carmela Librizzi.<br \/>\nDurante l&#8217;incontro si \u00e8 discusso delle azioni condotte dal management e dall&#8217;amministrazione regionale per superare le necessit\u00e0 del territorio peloritano. Razza ha analizzato le questioni legate alla sicurezza nelle Guardie mediche della provincia, le criticit\u00e0 nella gestione della sanit\u00e0 penitenziaria ed argomentato diffusamente sulle necessit\u00e0 connesse alla carenza di personale.<br \/>\n&#8220;\u00c8 stato un incontro proficuo che ha permesso di fotografare la situazione che si vive in un&#8217;area vasta e complessa del Messinese. Desidero ringraziare il prefetto Librizzi per la disponibilit\u00e0 e la sensibilit\u00e0 che ha mostrato nell&#8217;analizzare ogni tema&#8221;,\u00a0 ha detto l&#8217;assessore Razza a margine del vertice.<br \/>\nI quattro commissari sono: Paolo La Paglia (Asp Messina), Giuseppe Laganga Senzio (AOU Policlinico Martino), Vincenzo Barone (IRCCS Neurolesi Bonino Pulejo Piemonte), Mario Paino (Azienda Ospedaliera Papardo).<div id=\"div-gpt-ad-Messinaoggi.it-DSK-300x250-corpoart\" style=\"text-align:center;margin:0 auto;\"><\/div><\/p>\n<div id=\"videoincontent\" style=\"clear:both\";><\/div>","protected":false},"excerpt":{"rendered":"<p>L&#8217;assessore regionale alla Salute, Ruggero Razza, accompagnato dai commissari delle quattro aziende sanitarie e ospedaliere della provincia di Messina, \u00e8 stato ricevuto dal prefetto Maria Carmela Librizzi. Durante l&#8217;incontro si \u00e8 discusso delle azioni condotte dal management e dall&#8217;amministrazione regionale per superare le necessit\u00e0 del territorio peloritano. Razza ha analizzato le questioni legate alla sicurezza [&hellip;]<\/p>\n","protected":false},"author":15,"featured_media":30051,"comment_status":"closed","ping_status":"open","sticky":false,"template":"","format":"standard","meta":{"ub_ctt_via":"","_mi_skip_tracking":false},"categories":[6],"tags":[],"featured_image_src":"https:\/\/www.messinaoggi.it\/website\/wp-content\/uploads\/2019\/03\/assessore-ruggero-razza-e-i-quattro-commissari.jpg","author_info":{"display_name":"red.me","author_link":"https:\/\/www.messinaoggi.it\/website\/author\/red-me\/"},"digistream_id":0,"digistream":false,"_links":{"self":[{"href":"https:\/\/www.messinaoggi.it\/website\/wp-json\/wp\/v2\/posts\/30050"}],"collection":[{"href":"https:\/\/www.messinaoggi.it\/website\/wp-json\/wp\/v2\/posts"}],"about":[{"href":"https:\/\/www.messinaoggi.it\/website\/wp-json\/wp\/v2\/types\/post"}],"author":[{"embeddable":true,"href":"https:\/\/www.messinaoggi.it\/website\/wp-json\/wp\/v2\/users\/15"}],"replies":[{"embeddable":true,"href":"https:\/\/www.messinaoggi.it\/website\/wp-json\/wp\/v2\/comments?post=30050"}],"version-history":[{"count":0,"href":"https:\/\/www.messinaoggi.it\/website\/wp-json\/wp\/v2\/posts\/30050\/revisions"}],"wp:featuredmedia":[{"embeddable":true,"href":"https:\/\/www.messinaoggi.it\/website\/wp-json\/wp\/v2\/media\/30051"}],"wp:attachment":[{"href":"https:\/\/www.messinaoggi.it\/website\/wp-json\/wp\/v2\/media?parent=30050"}],"wp:term":[{"taxonomy":"category","embeddable":true,"href":"https:\/\/www.messinaoggi.it\/website\/wp-json\/wp\/v2\/categories?post=30050"},{"taxonomy":"post_tag","embeddable":true,"href":"https:\/\/www.messinaoggi.it\/website\/wp-json\/wp\/v2\/tags?post=30050"}],"curies":[{"name":"wp","href":"https:\/\/api.w.org\/{rel}","templated":true}]}}