{"id":30043,"date":"2019-03-02T09:45:21","date_gmt":"2019-03-02T08:45:21","guid":{"rendered":"http:\/\/www.messinaoggi.it\/website\/?p=30043"},"modified":"2019-03-02T09:45:21","modified_gmt":"2019-03-02T08:45:21","slug":"centri-spoke-siciliani-la-uil-fpl-chiede-incontro-al-commissario-dellirccs-neurolesi","status":"publish","type":"post","link":"https:\/\/www.messinaoggi.it\/website\/2019\/03\/02\/centri-spoke-siciliani-la-uil-fpl-chiede-incontro-al-commissario-dellirccs-neurolesi\/","title":{"rendered":"Centri Spoke siciliani, la Uil-Fpl chiede incontro al commissario dell&#039;Irccs-Neurolesi"},"content":{"rendered":"<p style=\"text-align: justify;\">Le dotazioni organiche dei Centri Spoke di Catania e Salemi al centro di una nota inviata al commissario straordinario dell\u2019Irccs Neurolesi-Piemonte di Messina, e per conoscenza all&#8217;assessore regionale alla Salute, Razza,\u00a0 a firma del segretario generale della Uil-Fpl di Messina, <strong>Pippo Calapai<\/strong>, e dei segretari aziendali di Piemonte e Irccs Neurolesi, <strong>Maurizio Celona<\/strong> e <strong>Nino Nunnari<\/strong>.<div id=\"div-gpt-ad-Messinaoggi.it-DSK-300x250-corpoart\" style=\"text-align:center;margin:0 auto;\"><\/div><\/p>\n<p style=\"text-align: justify;\">\u201c<em>La scrivente organizzazione sindacale a seguito di alcune assemblee tenute presso i Centri Spoke di Catania e Salemi, nell\u2019esprimere il proprio apprezzamento per la grande scelta operata da codesta amministrazione in merito all\u2019istituzione di Centri Spoke di neuro-riabilitazione in alcune province della nostra Sicilia, che stanno offrendo un importante servizio di tipo riabilitativo, specie nei confronti di soggetti fragili che necessitano di intensa riabilitazione neuro muscolare, chiede al commissario straordinario un intervento nei confronti dell\u2019Assessorato regionale alla Salute, al fine di ottenere il finanziamento della massa finanziaria occorrente per la formulazione di una dotazione organica necessaria a garantire la continuit\u00e0 assistenziale dei lavoratori appartenenti a vari profili professionali in atto presenti (Medici, Infermieri, Fisioterapisti, Logopedisti, Operatori Socio Sanitari)&#8221;<\/em>.<div id=\"videoincontent\" style=\"clear:both\";><\/div><\/p>\n<p style=\"text-align: justify;\">La Uil-Fpl di Messina sottolinea come attualmente tali Centri sono finanziati con i fondi destinati alla ricerca, e mancano di dotazioni organiche necessarie per sviluppare un processo stabile di attivit\u00e0 lavorativa che guardi al futuro, anche al fine di tutelare il personale attualmente in servizio per lo pi\u00f9 precario, che ha maturato notevole bagaglio di esperienza professionale in tale disciplina, dimostrando grandissima professionalit\u00e0, nonch\u00e9 grande spirito di abnegazione e sacrificio nello svolgere funzioni importanti a favore dei pazienti cerebrolesi.<\/p>\n<p style=\"text-align: justify;\">\u201c<em>La Uil-Fpl chiede un urgente incontro con il commissario straordinario dell\u2019Irccs Neurolesi-Piemonte per definire il percorso necessario per realizzare gli obiettivi a lungo termine dei Centri Spoke, a nostro avviso indifferibili, attraverso la predisposizione dei piani triennali di assunzione di personale a tempo indeterminato, che possano consentire al personale precario che sta svolgendo la propria attivit\u00e0 lavorativa in tali centri, di beneficiare di norme di legge che salvaguardano il diritto al lavoro del personale precario attraverso eventuale stabilizzazione nonch\u00e9 benefici nelle procedure concorsuali, ci\u00f2 al fine di non disperdere le professionalit\u00e0 interne che da anni stanno consentendo a codesta amministrazione la valorizzazione di questi centri satellite di eccellenza<\/em>\u201d.<\/p>\n","protected":false},"excerpt":{"rendered":"<p>Le dotazioni organiche dei Centri Spoke di Catania e Salemi al centro di una nota inviata al commissario straordinario dell\u2019Irccs Neurolesi-Piemonte di Messina, e per conoscenza all&#8217;assessore regionale alla Salute, Razza,\u00a0 a firma del segretario generale della Uil-Fpl di Messina, Pippo Calapai, e dei segretari aziendali di Piemonte e Irccs Neurolesi, Maurizio Celona e Nino [&hellip;]<\/p>\n","protected":false},"author":2,"featured_media":1775,"comment_status":"closed","ping_status":"open","sticky":false,"template":"","format":"standard","meta":{"ub_ctt_via":"","_mi_skip_tracking":false},"categories":[5],"tags":[],"featured_image_src":"https:\/\/www.messinaoggi.it\/website\/wp-content\/uploads\/2017\/06\/Pippo-Calapai-Uil-Fpl-2.jpg","author_info":{"display_name":"Redazione","author_link":"https:\/\/www.messinaoggi.it\/website\/author\/redazione\/"},"digistream_id":0,"digistream":false,"_links":{"self":[{"href":"https:\/\/www.messinaoggi.it\/website\/wp-json\/wp\/v2\/posts\/30043"}],"collection":[{"href":"https:\/\/www.messinaoggi.it\/website\/wp-json\/wp\/v2\/posts"}],"about":[{"href":"https:\/\/www.messinaoggi.it\/website\/wp-json\/wp\/v2\/types\/post"}],"author":[{"embeddable":true,"href":"https:\/\/www.messinaoggi.it\/website\/wp-json\/wp\/v2\/users\/2"}],"replies":[{"embeddable":true,"href":"https:\/\/www.messinaoggi.it\/website\/wp-json\/wp\/v2\/comments?post=30043"}],"version-history":[{"count":0,"href":"https:\/\/www.messinaoggi.it\/website\/wp-json\/wp\/v2\/posts\/30043\/revisions"}],"wp:featuredmedia":[{"embeddable":true,"href":"https:\/\/www.messinaoggi.it\/website\/wp-json\/wp\/v2\/media\/1775"}],"wp:attachment":[{"href":"https:\/\/www.messinaoggi.it\/website\/wp-json\/wp\/v2\/media?parent=30043"}],"wp:term":[{"taxonomy":"category","embeddable":true,"href":"https:\/\/www.messinaoggi.it\/website\/wp-json\/wp\/v2\/categories?post=30043"},{"taxonomy":"post_tag","embeddable":true,"href":"https:\/\/www.messinaoggi.it\/website\/wp-json\/wp\/v2\/tags?post=30043"}],"curies":[{"name":"wp","href":"https:\/\/api.w.org\/{rel}","templated":true}]}}