{"id":30026,"date":"2019-03-01T20:05:29","date_gmt":"2019-03-01T19:05:29","guid":{"rendered":"http:\/\/www.messinaoggi.it\/website\/?p=30026"},"modified":"2019-03-01T20:05:29","modified_gmt":"2019-03-01T19:05:29","slug":"lassessore-razza-e-i-commissari-delle-aziende-ospedaliere-ricevuti-dal-prefetto","status":"publish","type":"post","link":"https:\/\/www.messinaoggi.it\/website\/2019\/03\/01\/lassessore-razza-e-i-commissari-delle-aziende-ospedaliere-ricevuti-dal-prefetto\/","title":{"rendered":"L&#039;assessore Razza e i commissari delle aziende ospedaliere ricevuti dal prefetto"},"content":{"rendered":"<p class=\"p1\" style=\"text-align: justify;\"><span class=\"s1\">Oggi l&#8217;assessore regionale alla Salute, <strong>Ruggero Razza<\/strong>, accompagnato dai commissari delle quattro aziende sanitarie e ospedaliere della provincia di Messina, \u00e8 stato ricevuto dal prefetto <strong>Maria Carmela Librizzi<\/strong>.<\/span><div id=\"div-gpt-ad-Messinaoggi.it-DSK-300x250-corpoart\" style=\"text-align:center;margin:0 auto;\"><\/div><\/p>\n<p class=\"p1\" style=\"text-align: justify;\"><span class=\"s1\">Durante l&#8217;incontro, che si \u00e8 tenuto nel Palazzo del Governo, si \u00e8 discusso delle azioni condotte dal management e dall&#8217;amministrazione regionale per superare le necessit\u00e0 del territorio peloritano.\u00a0<\/span><span class=\"s1\">L&#8217;assessore Razza ha analizzato in particolare le questioni legate alla sicurezza nelle guardie mediche della provincia, le criticit\u00e0 nella gestione della sanit\u00e0 penitenziaria ed argomentato diffusamente sulle necessit\u00e0 connesse alla carenza di personale.<\/span><div id=\"videoincontent\" style=\"clear:both\";><\/div><\/p>\n<p class=\"p1\" style=\"text-align: justify;\"><span class=\"s1\">&#8220;<em>\u00c8 stato un incontro piacevole e proficuo che ha permesso di fotografare la situazione che si vive in un&#8217;area vasta e complessa come quella del Messinese. Desidero ringraziare il prefetto Librizzi per la disponibilit\u00e0 e la sensibilit\u00e0 che ha mostrato nell&#8217;analizzare ogni tema&#8221;<\/em>,\u00a0 ha detto l&#8217;assessore Razza a margine del vertice. <\/span><\/p>\n<p class=\"p1\" style=\"text-align: justify;\"><span class=\"s1\">I quattro commissari sono: <strong>Paolo La Paglia<\/strong> (Asp Messina), <strong>Giuseppe Laganga Senzio<\/strong> (AOU Policlinico G. Martino), <strong>Vincenzo Barone<\/strong> (IRCCS Neurolesi Bonino Pulejo Piemonte) e <strong>Mario Paino<\/strong> (Azienda Ospedaliera Papardo).\u00a0<\/span><\/p>\n","protected":false},"excerpt":{"rendered":"<p>Oggi l&#8217;assessore regionale alla Salute, Ruggero Razza, accompagnato dai commissari delle quattro aziende sanitarie e ospedaliere della provincia di Messina, \u00e8 stato ricevuto dal prefetto Maria Carmela Librizzi. Durante l&#8217;incontro, che si \u00e8 tenuto nel Palazzo del Governo, si \u00e8 discusso delle azioni condotte dal management e dall&#8217;amministrazione regionale per superare le necessit\u00e0 del territorio [&hellip;]<\/p>\n","protected":false},"author":2,"featured_media":30025,"comment_status":"closed","ping_status":"open","sticky":false,"template":"","format":"standard","meta":{"ub_ctt_via":"","_mi_skip_tracking":false},"categories":[5],"tags":[],"featured_image_src":"https:\/\/www.messinaoggi.it\/website\/wp-content\/uploads\/2019\/03\/7A1524A9-8E87-4BED-AE9B-7F348231D0B4.jpeg","author_info":{"display_name":"Redazione","author_link":"https:\/\/www.messinaoggi.it\/website\/author\/redazione\/"},"digistream_id":0,"digistream":false,"_links":{"self":[{"href":"https:\/\/www.messinaoggi.it\/website\/wp-json\/wp\/v2\/posts\/30026"}],"collection":[{"href":"https:\/\/www.messinaoggi.it\/website\/wp-json\/wp\/v2\/posts"}],"about":[{"href":"https:\/\/www.messinaoggi.it\/website\/wp-json\/wp\/v2\/types\/post"}],"author":[{"embeddable":true,"href":"https:\/\/www.messinaoggi.it\/website\/wp-json\/wp\/v2\/users\/2"}],"replies":[{"embeddable":true,"href":"https:\/\/www.messinaoggi.it\/website\/wp-json\/wp\/v2\/comments?post=30026"}],"version-history":[{"count":0,"href":"https:\/\/www.messinaoggi.it\/website\/wp-json\/wp\/v2\/posts\/30026\/revisions"}],"wp:featuredmedia":[{"embeddable":true,"href":"https:\/\/www.messinaoggi.it\/website\/wp-json\/wp\/v2\/media\/30025"}],"wp:attachment":[{"href":"https:\/\/www.messinaoggi.it\/website\/wp-json\/wp\/v2\/media?parent=30026"}],"wp:term":[{"taxonomy":"category","embeddable":true,"href":"https:\/\/www.messinaoggi.it\/website\/wp-json\/wp\/v2\/categories?post=30026"},{"taxonomy":"post_tag","embeddable":true,"href":"https:\/\/www.messinaoggi.it\/website\/wp-json\/wp\/v2\/tags?post=30026"}],"curies":[{"name":"wp","href":"https:\/\/api.w.org\/{rel}","templated":true}]}}