{"id":30012,"date":"2019-03-01T11:47:49","date_gmt":"2019-03-01T10:47:49","guid":{"rendered":"http:\/\/www.messinaoggi.it\/website\/?p=30012"},"modified":"2019-03-01T11:47:49","modified_gmt":"2019-03-01T10:47:49","slug":"isaac","status":"publish","type":"post","link":"https:\/\/www.messinaoggi.it\/website\/2019\/03\/01\/isaac\/","title":{"rendered":"Comunicazione aumentativa e alternativa, Open day di Isaac Italy &#8211; Regione Sicilia a Messina"},"content":{"rendered":"<p>\u201cEsperienze, progetti e percorsi significativi realizzati nel territorio siciliano attraverso strategie, strumenti e ausili di Caa\u201d: si parler\u00e0 di questo e tanto altro nell\u2019Open day previsto domani presso l\u2019auditorium dell\u2019Ordine dei medici e chirurghi e degli odontoiatri di via Bergamo 245, a Messina. L\u2019organizzazione \u00e8 affidata a Isaac Italy.<br \/>\nL\u2019obiettivo degli organizzatori \u00e8 quello di costruire una rete tra professionisti, famiglie, utenti di comunicazione aumentativa ed alternativa, centri di riabilitazione, scuole, associazioni mirata ad avviare un percorso di formazione e informazione attraverso il contributo di alcune realt\u00e0 del territorio che si sono rese disponibili a supportare attivamente le giornate formative, promuovendo occasioni di incontro, conoscenza, approfondimento e raccolta di fondi per Isaac Italy.<br \/>\nLa quota di partecipazione personale o familiare \u00e8 di 10 euro, che saranno interamente devoluti ad Isaac Italy. Per maggiori informazioni \u00e8 possibile contattare le dottoresse Graziella Arena (3270156164) e Cinzia Magr\u00ec (3339385921).<br \/>\n<strong>IL PROGRAMMA COMPLETO<\/strong><br \/>\n<strong>8.30<\/strong> REGISTRAZIONE PARTECIPANTI<br \/>\n<strong>9.00<\/strong> SALUTI ISTITUZIONALI ED APERTURA LAVORI<br \/>\nGIACOMO CAUDO ,PRESIDENTE ORDINE DEI MEDICI DI MESSINA<br \/>\nGRAZIELLA ARENA \u2013 CINZIA MAGR\u00cc , COORDINATORI ISAAC GRUPPO REGIONE SICILIA<br \/>\n<strong>9.15<\/strong> \u201cISAAC ITALY: PRINCIPI E PRATICHE IN CAA\u201d<br \/>\nSTEFANIA LA ROSA , PRESIDENTE ISAAC ITALY &#8211; TERAPISTA OCCUPAZIONALE CONSULENTE SPECIALIZZATA<br \/>\nIN CAA E TECNOLOGIE PER L&#8217;AUTONOMIA E L&#8217;INCLUSIONE SOCIALE DELLE PERSONE CON DISABILIT\u00c0 &#8211;<br \/>\nCOOP.VIMAIUSCOLA SIRACUSA<br \/>\n<strong>10.15<\/strong> \u201c CAAMMINARE INSIEME\u201d. ESPERIENZE DI COMUNICAZIONE AUMENTATIVA IN UN CENTRO<br \/>\nDIURNO PER PERSONE ADULTE CON DISABILIT\u00c0<br \/>\nWIIOLETA BOSOWSKA TERAPISTA SPECIALIZZATA IN CAA \u2013 ANFASS MESSINA<br \/>\n<strong>10.45<\/strong> PAUSA<br \/>\n<strong>11.15<\/strong> VERSI DI POESIA CON LA CAA. UN\u2019ESPERIENZA ATTRAVERSO GLI OCCHI DI FRANCESCO SAPORITO<br \/>\nDR. COMMERCIALISTA E REVISORE CONTABILE<br \/>\nANTONELLA SAPORITO,DIRETTORE SANITARIO CAPP 1990, SPECIALISTA NPI AIAS SEZIONE BARCELLONA<br \/>\nPATRIZIA LONGO LOGOPEDISTA U.O.C. DI ORL , AOU POL.\u201d G. MARTINO \u201c MESSINA<br \/>\n<strong>11.30<\/strong> \u201c COMUNICARE PER ESSERCI: UN \u2018ESPERIENZA DI CAA NELL\u2019AUTISMO\u201d<br \/>\nGIULIANA ARENA LOGOPEDISTA<br \/>\n<strong>11.45<\/strong> \u201c INTERVENTO DI CAA NEL PAZIENTE CEREBROLESO: ESPERIENZA PROFESSIONALE PRESSO IRRCS<br \/>\nCENTRO NEUROLESI \u201cBONINO PULEJO\u201d \u2013 P.O. CANNIZZARO DI CATANIA<br \/>\nVINCENZO RIZZO LOGOPEDISTA SPECIALIZZATO IN CAA<br \/>\n<strong>12.15<\/strong> ONLUS PERSONA SEMPRE: STORIA DI UN CAMMINO IMPEGNATIVO MA MERAVIGLIOSO<br \/>\nGRAZIELLA ARENA PEDIATRA- PRESIDENTE OPS \u2013 COORDINATORE ISAAC GRUPPO REGIONE SICILIA<br \/>\n<strong>12.30<\/strong> PROGETTO ELABORANDO : ESPERIENZA AL CSR DI VIAGRANDE<br \/>\nCRISTINA BARBARO TNPEE SPECIALIZZATA IN CAA,RESPONSABILE PROGETTO ELABORANDO CSR VIAGRANDE<br \/>\n<strong>12.45\u00a0<\/strong>\u201d PROGETTO COMUNICABILE : ESPERIENZA ALL\u2019 AIAS DI ACIREALE\u201d<br \/>\nMARIA MODICA E BARBARA ROSSI ,LOGOPEDISTE SPECIALIZZATE IN CAA,<br \/>\nALESSIA SCUDERI PSICOLOGA &#8211; REFERENTI PROGETTO COMUNICABILE AIAS ACIREALE<br \/>\n<strong>13,00<\/strong> DIBATTITO E CHIUSURA LAVORI<div id=\"div-gpt-ad-Messinaoggi.it-DSK-300x250-corpoart\" style=\"text-align:center;margin:0 auto;\"><\/div><\/p>\n<div id=\"videoincontent\" style=\"clear:both\";><\/div>","protected":false},"excerpt":{"rendered":"<p>\u201cEsperienze, progetti e percorsi significativi realizzati nel territorio siciliano attraverso strategie, strumenti e ausili di Caa\u201d: si parler\u00e0 di questo e tanto altro nell\u2019Open day previsto domani presso l\u2019auditorium dell\u2019Ordine dei medici e chirurghi e degli odontoiatri di via Bergamo 245, a Messina. L\u2019organizzazione \u00e8 affidata a Isaac Italy. L\u2019obiettivo degli organizzatori \u00e8 quello di [&hellip;]<\/p>\n","protected":false},"author":15,"featured_media":30016,"comment_status":"closed","ping_status":"open","sticky":false,"template":"","format":"standard","meta":{"ub_ctt_via":"","_mi_skip_tracking":false},"categories":[7],"tags":[],"featured_image_src":"https:\/\/www.messinaoggi.it\/website\/wp-content\/uploads\/2019\/03\/loghi-isaac-italy.jpg","author_info":{"display_name":"red.me","author_link":"https:\/\/www.messinaoggi.it\/website\/author\/red-me\/"},"digistream_id":0,"digistream":false,"_links":{"self":[{"href":"https:\/\/www.messinaoggi.it\/website\/wp-json\/wp\/v2\/posts\/30012"}],"collection":[{"href":"https:\/\/www.messinaoggi.it\/website\/wp-json\/wp\/v2\/posts"}],"about":[{"href":"https:\/\/www.messinaoggi.it\/website\/wp-json\/wp\/v2\/types\/post"}],"author":[{"embeddable":true,"href":"https:\/\/www.messinaoggi.it\/website\/wp-json\/wp\/v2\/users\/15"}],"replies":[{"embeddable":true,"href":"https:\/\/www.messinaoggi.it\/website\/wp-json\/wp\/v2\/comments?post=30012"}],"version-history":[{"count":0,"href":"https:\/\/www.messinaoggi.it\/website\/wp-json\/wp\/v2\/posts\/30012\/revisions"}],"wp:featuredmedia":[{"embeddable":true,"href":"https:\/\/www.messinaoggi.it\/website\/wp-json\/wp\/v2\/media\/30016"}],"wp:attachment":[{"href":"https:\/\/www.messinaoggi.it\/website\/wp-json\/wp\/v2\/media?parent=30012"}],"wp:term":[{"taxonomy":"category","embeddable":true,"href":"https:\/\/www.messinaoggi.it\/website\/wp-json\/wp\/v2\/categories?post=30012"},{"taxonomy":"post_tag","embeddable":true,"href":"https:\/\/www.messinaoggi.it\/website\/wp-json\/wp\/v2\/tags?post=30012"}],"curies":[{"name":"wp","href":"https:\/\/api.w.org\/{rel}","templated":true}]}}