{"id":29993,"date":"2019-03-01T16:56:12","date_gmt":"2019-03-01T15:56:12","guid":{"rendered":"http:\/\/www.messinaoggi.it\/website\/?p=29993"},"modified":"2019-03-01T16:56:12","modified_gmt":"2019-03-01T15:56:12","slug":"musolino-la-differenziata-al-22-messina-destinata-a-diventare-virtuosa","status":"publish","type":"post","link":"https:\/\/www.messinaoggi.it\/website\/2019\/03\/01\/musolino-la-differenziata-al-22-messina-destinata-a-diventare-virtuosa\/","title":{"rendered":"Musolino: &quot;La differenziata al 22%, Messina destinata a diventare virtuosa&quot;"},"content":{"rendered":"<p style=\"text-align: justify;\">\u201c<em>Lo scorso dicembre abbiamo toccato un picco della raccolta della differenziata del 26,5%, pi\u00f9 del doppio rispetto alla precedente amministrazione\u201d.<\/em> L\u2019assessore <strong>Dafne Musolino<\/strong> \u201csventola\u201d il dato all\u2019indomani della diffusione dei dati del Conai che danno la citt\u00e0 dello Stretto fra le meno virtuose della Sicilia. Il 14% del Consorzio si riferisce al dicembre 2017, quando a gestire la \u201cmacchina dei rifiuti\u201d vi era la giunta degli ambientalisti, guidata da Renato Accorinti.<div id=\"div-gpt-ad-Messinaoggi.it-DSK-300x250-corpoart\" style=\"text-align:center;margin:0 auto;\"><\/div><\/p>\n<p style=\"text-align: justify;\">La puntualizzazione \u00e8 d\u2019obbligo dal momento che il dato \u00e8 anacronistico e non rende giustizia al lavoro svolto dalla nuova amministrazione. \u201c<em>Dal giorno del nostro insediamento \u2013 aggiunge l&#8217;assessore Musolino \u2013 abbiamo migliorato la raccolta della differenziata attraverso dei semplici accorgimenti. Abbiamo fatto rispettare l\u2019ordinanza che regola la raccolta differenziata. Lo abbiamo fatto mediante un lavoro di sensibilizzazione del cittadino e soprattutto attraverso controlli serrati. Se abbiamo raggiunto il 22% medio, con il picco del 26,5% nel mese di dicembre, evidentemente la nostra politica ha pagato. In precedenza regnava una grande confusione, noi abbiamo fatto rispettare le regole mediante controlli serrati\u201d<\/em>.<div id=\"videoincontent\" style=\"clear:both\";><\/div><\/p>\n<p style=\"text-align: justify;\"><strong>Ma il 22% \u00e8 un punto di arrivo?<\/strong><\/p>\n<p style=\"text-align: justify;\">\u201c<em>Certamente il nostro obiettivo \u00e8 di andare oltre per consentire alla nostra citt\u00e0 di essere in linea con i comuni virtuosi. Adesso pensiamo alla fase numero due, ovvero agli investimenti. Quello che abbiamo fatto fino ad oggi \u00e8 stato frutto di un impegno diffuso della nostra amministrazione, del Cda della MessinaServizi e soprattutto degli operatori. Da ora in avanti servono gli investimenti e per questo li abbiamo previsti nel nuovo piano finanziario. Servono nuovi mezzi per la raccolta, ad esempio. Abbiamo trovato la MessinaServizi come una scatola vuota, dobbiamo riempirla di contenuti\u201d.<\/em><\/p>\n<p style=\"text-align: justify;\"><strong>E la raccolta porta a porta come sta andando?<\/strong><\/p>\n<p style=\"text-align: justify;\">\u201c<em>A parte la mancanza dei kit dotati di chip identificativi, imputabili a chi ci ha preceduto, devo dirle che nella zona Nord, ovvero nel VI quartiere abbiamo notato poca disciplina e quindi poca collaborazione da parte dei cittadini. Attraverso i controlli dei vigili urbani, abbiamo scoperto che molti cittadini non differenziano e depositano i rifiuti nella zona di Mortelle, dove si sono formate autentiche discariche. I controlli sono stati efficaci, basti pensare che nel solo mese dello scorso dicembre sono stati multati quasi 200 cittadini, sia pubblici sia privati. Nel I quartiere, al contrario, abbiamo notato maggiore disciplina e collaborazione\u201d<\/em>.<\/p>\n<p style=\"text-align: justify;\"><strong>E i commercianti come si comportano?<\/strong><\/p>\n<p style=\"text-align: justify;\">\u201c<em>Ci sono le sacche di resistenza, ma stiamo lavorando per metterli nelle migliori condizioni per differenziare i propri rifiuti\u201d<\/em>.<\/p>\n<p style=\"text-align: justify;\"><strong>Quale sar\u00e0 la sfida della vostra amministrazione?<\/strong><\/p>\n<p style=\"text-align: justify;\">\u201c<em>Indubbiamente dotare la citt\u00e0 di impianto di smaltimento dei rifiuti. Stiamo lavorando su questo fronte con la Ssr, perch\u00e9 stiamo pagando un costo elevatissimo per lo smaltimento dei rifiuti fuori provincia. E\u2019 nostra intenzione aprire gli impianti in provincia cos\u00ec serviranno la citt\u00e0 capoluogo e i comuni della Citt\u00e0 metropolitana&#8221;.<\/em><\/p>\n","protected":false},"excerpt":{"rendered":"<p>\u201cLo scorso dicembre abbiamo toccato un picco della raccolta della differenziata del 26,5%, pi\u00f9 del doppio rispetto alla precedente amministrazione\u201d. L\u2019assessore Dafne Musolino \u201csventola\u201d il dato all\u2019indomani della diffusione dei dati del Conai che danno la citt\u00e0 dello Stretto fra le meno virtuose della Sicilia. Il 14% del Consorzio si riferisce al dicembre 2017, quando [&hellip;]<\/p>\n","protected":false},"author":2,"featured_media":29995,"comment_status":"closed","ping_status":"open","sticky":false,"template":"","format":"standard","meta":{"ub_ctt_via":"","_mi_skip_tracking":false},"categories":[6],"tags":[],"featured_image_src":"https:\/\/www.messinaoggi.it\/website\/wp-content\/uploads\/2019\/03\/6F55FEEA-C544-4A0B-AF7E-74D5E525389B.jpeg","author_info":{"display_name":"Redazione","author_link":"https:\/\/www.messinaoggi.it\/website\/author\/redazione\/"},"digistream_id":0,"digistream":false,"_links":{"self":[{"href":"https:\/\/www.messinaoggi.it\/website\/wp-json\/wp\/v2\/posts\/29993"}],"collection":[{"href":"https:\/\/www.messinaoggi.it\/website\/wp-json\/wp\/v2\/posts"}],"about":[{"href":"https:\/\/www.messinaoggi.it\/website\/wp-json\/wp\/v2\/types\/post"}],"author":[{"embeddable":true,"href":"https:\/\/www.messinaoggi.it\/website\/wp-json\/wp\/v2\/users\/2"}],"replies":[{"embeddable":true,"href":"https:\/\/www.messinaoggi.it\/website\/wp-json\/wp\/v2\/comments?post=29993"}],"version-history":[{"count":0,"href":"https:\/\/www.messinaoggi.it\/website\/wp-json\/wp\/v2\/posts\/29993\/revisions"}],"wp:featuredmedia":[{"embeddable":true,"href":"https:\/\/www.messinaoggi.it\/website\/wp-json\/wp\/v2\/media\/29995"}],"wp:attachment":[{"href":"https:\/\/www.messinaoggi.it\/website\/wp-json\/wp\/v2\/media?parent=29993"}],"wp:term":[{"taxonomy":"category","embeddable":true,"href":"https:\/\/www.messinaoggi.it\/website\/wp-json\/wp\/v2\/categories?post=29993"},{"taxonomy":"post_tag","embeddable":true,"href":"https:\/\/www.messinaoggi.it\/website\/wp-json\/wp\/v2\/tags?post=29993"}],"curies":[{"name":"wp","href":"https:\/\/api.w.org\/{rel}","templated":true}]}}