{"id":29971,"date":"2019-02-28T10:19:09","date_gmt":"2019-02-28T09:19:09","guid":{"rendered":"http:\/\/www.messinaoggi.it\/website\/?p=29971"},"modified":"2019-02-28T10:19:09","modified_gmt":"2019-02-28T09:19:09","slug":"istituto-caio-duilio-sottoscritti-contratti-di-apprendistato-per-tre-studenti","status":"publish","type":"post","link":"https:\/\/www.messinaoggi.it\/website\/2019\/02\/28\/istituto-caio-duilio-sottoscritti-contratti-di-apprendistato-per-tre-studenti\/","title":{"rendered":"Istituto &quot;Caio Duilio&quot;, sottoscritti contratti di apprendistato per tre studenti"},"content":{"rendered":"<p lang=\"it-IT\"><span style=\"color: #000000\">\u201c<span style=\"font-family: Arial, sans-serif\"><em>Con l\u2019ennesima firma di contratti di apprendistato oggi viene raggiunto un altro obiettivo importante<\/em>&#8220;. Cos\u00ec la Dirigente scolastica dell\u2019Istituto Caio Duilio, Professoressa Maria Schir\u00f2, commentando la recente sottoscrizione della\u00a0<\/span><\/span><span style=\"font-family: Arial, sans-serif;color: #000000\">convenzione tra l&#8217;istituto scolastico e la Comet Srl (<span style=\"color: #000000\"><span style=\"font-family: Arial, sans-serif\">agenzia marittima messinese che si occupa di logistica, impresa portuale e gestione di porti e terminal turistici<\/span><\/span>) relativa alla stipula di altri tre contratti di apprendistato di primo livello per il conseguimento del diploma di istruzione secondaria superiore. In particolare, sono t<\/span><span style=\"color: #000000\"><span style=\"font-family: Arial, sans-serif\">re le figure selezionate che frequentano il quarto anno: un responsabile spedizioni-trasporti internazionali &#8211; operazioni doganali per l\u2019indirizzo di Logistica, un responsabile organizzazione servizi porti turistici per l\u2019indirizzo Capitani e un progettista imbarcazioni da diporto e navi commerciali per l\u2019indirizzo Costruzione del mezzo, opzione mezzo navale.<\/span><\/span><div id=\"div-gpt-ad-Messinaoggi.it-DSK-300x250-corpoart\" style=\"text-align:center;margin:0 auto;\"><\/div><\/p>\n<p lang=\"it-IT\"><span style=\"color: #000000\"><span style=\"font-family: Arial, sans-serif\">Il programma consentir\u00e0 agli studenti di inserirsi in un vero contesto aziendale alternando la frequenza delle lezioni in classe, alla presenza in azienda per la formazione tecnico-professionale. L\u2019integrazione tra l\u2019apprendimento in aula e l\u2019esperienza lavorativa, sar\u00e0 supportata e favorita per ciascuno &#8220;studente-apprendista&#8221; da un tutor aziendale e da due scolastici, indicati dall\u2019istituto. Durante l\u2019anno scolastico gli studenti-apprendisti trascorreranno due giorni a settimana in azienda (equivalenti a circa 370 ore, ossia il 35% dell\u2019orario ordinamentale scolastico), svolgendo un programma formativo incentrato prevalentemente sull\u2019acquisizione delle competenze specifiche richieste.<\/span><\/span><div id=\"videoincontent\" style=\"clear:both\";><\/div><\/p>\n<p lang=\"it-IT\"><span style=\"color: #000000\"><span style=\"font-family: Arial, sans-serif\">Durante il periodo di sospensione dell\u2019attivit\u00e0 didattica gli studenti-apprendisti saranno, invece, presenti in azienda dal luned\u00ec al venerd\u00ec, per complessive 40 ore settimanali, per effettuare sia la formazione tecnica, sia per sperimentarsi direttamente sul lavoro, applicando concretamente le nozioni apprese durante l\u2019anno scolastico, nel rispetto delle competenze acquisite. Dopo il conseguimento del diploma, tenuto conto della valutazione di merito del percorso effettuato in azienda, i ragazzi potranno accedere a una seconda fase di apprendistato professionalizzante.<\/span><\/span><\/p>\n<p lang=\"it-IT\"><span style=\"color: #000000\"><span style=\"font-family: Arial, sans-serif\">La caratteristica principale del contratto di apprendistato \u00e8 il contenuto formativo. Infatti ha l\u2019obiettivo di formare i giovani, non per la singola attivit\u00e0 lavorativa, ma per il mercato del lavoro. L\u2019azienda, quindi, oltre a versare un corrispettivo per l\u2019attivit\u00e0 svolta deve garantire all\u2019apprendista una formazione professionale.\u00a0<\/span><\/span><span style=\"color: #000000\"><span style=\"font-family: Arial, sans-serif\">Per le aziende rappresenta la possibilit\u00e0 di avere risorse giovani da formare nel modo pi\u00f9 funzionale alle attivit\u00e0 aziendali, nonch\u00e9 uno strumento contrattuale che offre significativi benefici normativi, sgravi contributivi, retributivi, fiscali.<\/span><\/span><\/p>\n<p lang=\"it-IT\"><span style=\"color: #000000\"><span style=\"font-family: Arial, sans-serif\">Grazie all\u2019inserimento del Caio Duilio nel Catalogo per il sostegno alla realizzazione di un\u2019offerta formativa in apprendistato di primo livello per l\u2019anno scolastico 2018\/2019, promosso dall\u2019Assessorato all\u2019Istruzione e Formazione Professionale dalla Regione Sicilia, sia la scuola e sia l\u2019azienda potranno usufruire di ulteriori sgravi economici.<\/span><\/span><\/p>\n<p lang=\"it-IT\"><span style=\"color: #000000\">\u201c<span style=\"font-family: Arial, sans-serif\"><em>Il felice esito occupazionale nasce dalla volont\u00e0 dell\u2019Istituto di offrire ai propri alunni un\u2019opportunit\u00e0 concreta di lavoro,<\/em> &#8211; prosegue la Dirigente scolastica Schir\u00f2 &#8211;<em> orientando la propria offerta formativa in relazione al fabbisogno delle imprese del territorio e utilizzando l\u2019attivit\u00e0 di assistenza tecnica della consulente delle politiche attive del lavoro di Anpal Servizi SpA, dottoressa Carmelina Maimone, a supporto della transizione dei giovani dal mondo della scuola a quello del lavoro, che negli ultimi mesi ha collaborato intensamente con i docenti dell\u2019istituto per la realizzazione di percorsi in apprendistato in linea con quanto previsto dalle ultime disposizioni legislative in tema di lavoro e istruzione, \u201cJobs Act\u201d e \u201cLa Buona Scuola\u201d.\u00a0<\/em><\/span><\/span><span style=\"color: #000000\"><span style=\"font-family: Arial, sans-serif\"><em>Si tratta di un modello innovativo a livello nazionale, che speriamo di poter continuare a percorrere in futuro, che vede la nostra scuola tra i pochi e primi Istituti scolastici della provincia di Messina che stanno attivando questo tipo di percorsi formativi<\/em>\u201d.<\/span><\/span><\/p>\n<p lang=\"it-IT\"><span style=\"color: #000000\">\u201c<span style=\"font-family: Arial, sans-serif\"><em>Si tratta di un\u2019iniziativa importante per permettere ai giovani studenti di conseguire il diploma attraverso un percorso qualificante di formazione e lavoro.<\/em> &#8211; ha detto la dottoressa Carmelina Maimone di Anpal Servizi &#8211;<em> L\u2019auspicio \u00e8 che l\u2019esempio possa essere ripreso da altri attori economici locali, in considerazione della semplificazione burocratica e delle agevolazioni per le aziende che si avvalgono del meccanismo dell\u2019apprendistato<\/em>\u201d.<\/span><\/span><\/p>\n","protected":false},"excerpt":{"rendered":"<p>\u201cCon l\u2019ennesima firma di contratti di apprendistato oggi viene raggiunto un altro obiettivo importante&#8220;. Cos\u00ec la Dirigente scolastica dell\u2019Istituto Caio Duilio, Professoressa Maria Schir\u00f2, commentando la recente sottoscrizione della\u00a0convenzione tra l&#8217;istituto scolastico e la Comet Srl (agenzia marittima messinese che si occupa di logistica, impresa portuale e gestione di porti e terminal turistici) relativa alla [&hellip;]<\/p>\n","protected":false},"author":8,"featured_media":29972,"comment_status":"closed","ping_status":"open","sticky":false,"template":"","format":"standard","meta":{"ub_ctt_via":"","_mi_skip_tracking":false},"categories":[7],"tags":[],"featured_image_src":"https:\/\/www.messinaoggi.it\/website\/wp-content\/uploads\/2019\/02\/firma-contratto-di-apprendistato-per-tre-studenti-del-Nautico.jpg","author_info":{"display_name":"red..me","author_link":"https:\/\/www.messinaoggi.it\/website\/author\/redstage\/"},"digistream_id":0,"digistream":false,"_links":{"self":[{"href":"https:\/\/www.messinaoggi.it\/website\/wp-json\/wp\/v2\/posts\/29971"}],"collection":[{"href":"https:\/\/www.messinaoggi.it\/website\/wp-json\/wp\/v2\/posts"}],"about":[{"href":"https:\/\/www.messinaoggi.it\/website\/wp-json\/wp\/v2\/types\/post"}],"author":[{"embeddable":true,"href":"https:\/\/www.messinaoggi.it\/website\/wp-json\/wp\/v2\/users\/8"}],"replies":[{"embeddable":true,"href":"https:\/\/www.messinaoggi.it\/website\/wp-json\/wp\/v2\/comments?post=29971"}],"version-history":[{"count":0,"href":"https:\/\/www.messinaoggi.it\/website\/wp-json\/wp\/v2\/posts\/29971\/revisions"}],"wp:featuredmedia":[{"embeddable":true,"href":"https:\/\/www.messinaoggi.it\/website\/wp-json\/wp\/v2\/media\/29972"}],"wp:attachment":[{"href":"https:\/\/www.messinaoggi.it\/website\/wp-json\/wp\/v2\/media?parent=29971"}],"wp:term":[{"taxonomy":"category","embeddable":true,"href":"https:\/\/www.messinaoggi.it\/website\/wp-json\/wp\/v2\/categories?post=29971"},{"taxonomy":"post_tag","embeddable":true,"href":"https:\/\/www.messinaoggi.it\/website\/wp-json\/wp\/v2\/tags?post=29971"}],"curies":[{"name":"wp","href":"https:\/\/api.w.org\/{rel}","templated":true}]}}