{"id":29965,"date":"2019-02-28T09:43:29","date_gmt":"2019-02-28T08:43:29","guid":{"rendered":"http:\/\/www.messinaoggi.it\/website\/?p=29965"},"modified":"2019-02-28T09:43:29","modified_gmt":"2019-02-28T08:43:29","slug":"conferenza-delle-regioni-armao-linsularita-e-diventata-la-priorita","status":"publish","type":"post","link":"https:\/\/www.messinaoggi.it\/website\/2019\/02\/28\/conferenza-delle-regioni-armao-linsularita-e-diventata-la-priorita\/","title":{"rendered":"Conferenza delle regioni, Armao: &quot;L\u2019insularit\u00e0 \u00e8 diventata la priorit\u00e0&quot;"},"content":{"rendered":"<p align=\"JUSTIFY\">\u201c<span style=\"font-family: Arial, serif\"><i>Promuovere lo sviluppo sociale, economico e ambientale sia nelle aree urbane che in quelle con gravi e permanenti svantaggi naturali o demografici che hanno difficolt\u00e0 ad accedere ai servizi di base (<\/i><\/span><span style=\"font-family: Arial, serif\"><i><b>isole e aree interne<\/b><\/i><\/span><span style=\"font-family: Arial, serif\"><i>)<\/i><\/span><span style=\"font-family: Arial, serif\">\u201d.<\/span> <span style=\"color: #000000\"><span style=\"font-family: Arial, sans-serif\"><span style=\"font-size: medium\">\u00c8 quanto si pu\u00f2 leggere nel<\/span><\/span><\/span><span style=\"color: #000000\"><span style=\"font-family: Arial, sans-serif\"><span style=\"font-size: medium\"> nuovo documento relativo alla programmazione europea recentemente\u00a0<\/span><\/span><\/span><span style=\"color: #000000\"><span style=\"font-family: Arial, serif\"><span style=\"font-size: medium\">approvato all\u2019unanimit\u00e0 dalla Conferenza delle regioni e delle province autonome\u00a0<\/span><\/span><\/span><span style=\"color: #000000\"><span style=\"font-family: Arial, sans-serif\"><span style=\"font-size: medium\">che, nel dettare gli obiettivi da raggiungere negli anni 21-27, fissa tra le altre cose <\/span><\/span><\/span><span style=\"color: #000000\"><span style=\"font-family: Arial, serif\"><span style=\"font-size: medium\">l\u2019insularit\u00e0, come condizione da compensare con misure specifiche di sostegno, fiscali e sui trasporti.<\/span><\/span><\/span><div id=\"div-gpt-ad-Messinaoggi.it-DSK-300x250-corpoart\" style=\"text-align:center;margin:0 auto;\"><\/div><\/p>\n<p align=\"JUSTIFY\"><a name=\"_GoBack1\"><\/a><span style=\"color: #000000\">\u201c<\/span><span style=\"color: #000000\"><span style=\"font-family: Arial, serif\"><span style=\"font-size: medium\"><i>Su proposta di Sicilia e Sardegna la condizione di insularit\u00e0, per la prima volta, \u00e8 stata messa al primo posto nel Documento<\/i><\/span><\/span><\/span><span style=\"color: #000000\"><span style=\"font-family: Arial, serif\"><span style=\"font-size: medium\">\u201d, <\/span><\/span><\/span><span style=\"color: #000000\"><span style=\"font-family: Arial, serif\"><span style=\"font-size: medium\">commenta entusiasta il vicepresidente della Regione siciliana e assessore all\u2019economia, Gaetano Armao, componente in rappresentanza della Sicilia nella Conferenza delle regioni e delle province autonome. \u201c<\/span><\/span><\/span><span style=\"color: #000000\"><span style=\"font-family: Arial, serif\"><span style=\"font-size: medium\"><i>\u00c8 un altro passo in avanti del Governo Musumeci. <\/i><\/span><\/span><\/span><span style=\"color: #000000\"><span style=\"font-family: Arial, serif\"><span style=\"font-size: medium\">\u2013 prosegue Armao \u2013<\/span><\/span><\/span><span style=\"color: #000000\"><span style=\"font-family: Arial, serif\"><span style=\"font-size: medium\"><i> Dopo le risoluzioni del Parlamento europeo del 2016 e del Comitato delle Regioni del 2017, l\u2019Europa deve riconoscere alle isole misure di sostegno finanziario, misure fiscali e di incremento della compartecipazione ai fondi strutturali. Le isole patiscono lo svantaggio competitivo per i costi delle esportazioni e il reperimento delle materie prime. L\u2019Europa deve riconoscere loro gli svantaggi strutturali che derivano dalla loro condizione, in termini di mobilit\u00e0, infrastrutture stradali e ferroviarie e di sostegno alle imprese. Solo attraverso la compiuta affermazione delle misure di riequilibrio le isole europee, a partire dalla Sicilia, potranno rilanciare le proprie prospettive di crescita. E in questo senso occorre fare sistema non solo per la continuit\u00e0 territoriale, ma anche per la fiscalit\u00e0 di sviluppo<\/i><\/span><\/span><\/span><span style=\"color: #000000\"><span style=\"font-family: Arial, serif\"><span style=\"font-size: medium\">\u201d. <\/span><\/span><\/span><div id=\"videoincontent\" style=\"clear:both\";><\/div><\/p>\n<p align=\"JUSTIFY\"><span style=\"color: #000000\"><span style=\"font-family: Arial, serif\"><span style=\"font-size: medium\">Sempre su proposta della Sicilia, domani la Conferenza delle Regioni e delle province autonome terr\u00e0 un confronto sui temi e le controverse questioni del regionalismo differenziato.<\/span><\/span><\/span><\/p>\n","protected":false},"excerpt":{"rendered":"<p>\u201cPromuovere lo sviluppo sociale, economico e ambientale sia nelle aree urbane che in quelle con gravi e permanenti svantaggi naturali o demografici che hanno difficolt\u00e0 ad accedere ai servizi di base (isole e aree interne)\u201d. \u00c8 quanto si pu\u00f2 leggere nel nuovo documento relativo alla programmazione europea recentemente\u00a0approvato all\u2019unanimit\u00e0 dalla Conferenza delle regioni e delle [&hellip;]<\/p>\n","protected":false},"author":8,"featured_media":9946,"comment_status":"closed","ping_status":"open","sticky":false,"template":"","format":"standard","meta":{"ub_ctt_via":"","_mi_skip_tracking":false},"categories":[11],"tags":[],"featured_image_src":"https:\/\/www.messinaoggi.it\/website\/wp-content\/uploads\/2017\/10\/Armao.jpg","author_info":{"display_name":"red..me","author_link":"https:\/\/www.messinaoggi.it\/website\/author\/redstage\/"},"digistream_id":0,"digistream":false,"_links":{"self":[{"href":"https:\/\/www.messinaoggi.it\/website\/wp-json\/wp\/v2\/posts\/29965"}],"collection":[{"href":"https:\/\/www.messinaoggi.it\/website\/wp-json\/wp\/v2\/posts"}],"about":[{"href":"https:\/\/www.messinaoggi.it\/website\/wp-json\/wp\/v2\/types\/post"}],"author":[{"embeddable":true,"href":"https:\/\/www.messinaoggi.it\/website\/wp-json\/wp\/v2\/users\/8"}],"replies":[{"embeddable":true,"href":"https:\/\/www.messinaoggi.it\/website\/wp-json\/wp\/v2\/comments?post=29965"}],"version-history":[{"count":0,"href":"https:\/\/www.messinaoggi.it\/website\/wp-json\/wp\/v2\/posts\/29965\/revisions"}],"wp:featuredmedia":[{"embeddable":true,"href":"https:\/\/www.messinaoggi.it\/website\/wp-json\/wp\/v2\/media\/9946"}],"wp:attachment":[{"href":"https:\/\/www.messinaoggi.it\/website\/wp-json\/wp\/v2\/media?parent=29965"}],"wp:term":[{"taxonomy":"category","embeddable":true,"href":"https:\/\/www.messinaoggi.it\/website\/wp-json\/wp\/v2\/categories?post=29965"},{"taxonomy":"post_tag","embeddable":true,"href":"https:\/\/www.messinaoggi.it\/website\/wp-json\/wp\/v2\/tags?post=29965"}],"curies":[{"name":"wp","href":"https:\/\/api.w.org\/{rel}","templated":true}]}}