{"id":29916,"date":"2019-02-27T12:45:01","date_gmt":"2019-02-27T11:45:01","guid":{"rendered":"http:\/\/www.messinaoggi.it\/website\/?p=29916"},"modified":"2019-02-27T12:45:01","modified_gmt":"2019-02-27T11:45:01","slug":"villarosa-serve-un-apposito-decreto-per-le-ex-province","status":"publish","type":"post","link":"https:\/\/www.messinaoggi.it\/website\/2019\/02\/27\/villarosa-serve-un-apposito-decreto-per-le-ex-province\/","title":{"rendered":"Villarosa: &quot;Serve un apposito decreto per le ex Province&quot;"},"content":{"rendered":"<p lang=\"it-IT\" align=\"LEFT\">\u201c<span style=\"font-family: Arial, sans-serif\"><span style=\"font-size: medium\"><i>Nel corso del confronto con gli uffici finanziari dello Stato sono state approfondite tutte le possibili ipotesi di soluzione per le problematiche che affliggono le ex Province siciliane, riscontrando la fattiva disponibilit\u00e0 di tutti i presenti a predisporre una serie di misure di carattere normativo per consentire agli Enti in difficolt\u00e0 finanziaria di chiudere i bilanci utilizzando, in deroga alla normativa vigente, gli avanzi e in tal modo poter utilizzare gli stanziamenti in conto capitale di provenienza ed entit\u00e0 certe<\/i>\u201d. A renderlo noto \u00e8 Alessio Villarosa, sottosegretario all&#8217;Economia del governo Conte che, come anticipato venerd\u00ec scorso durante l&#8217;incontro con i dipendenti della Citt\u00e0 Metropolitana di Messina, negli ultimi due giorni ha incontrato i responsabili degli uffici della Ragioneria Generale dello Stato e il Ministro dell&#8217;Economia e delle Finanze Giovanni Tria per discutere delle difficolt\u00e0 che affliggono le ex Province siciliane. In tal senso, una proposta avanzata durante l&#8217;incontro \u00e8 proprio quella di emanare un apposito decreto con carattere d&#8217;urgenza che, in deroga alla normativa vigente, consenta agli Enti in difficolt\u00e0 finanziaria di chiudere i bilanci utilizzando gli avanzi e in tal modo poter utilizzare gli stanziamenti in conto capitale di provenienza ed entit\u00e0 certe.<\/span><\/span><div id=\"div-gpt-ad-Messinaoggi.it-DSK-300x250-corpoart\" style=\"text-align:center;margin:0 auto;\"><\/div><\/p>\n<p lang=\"it-IT\" align=\"LEFT\"><span style=\"font-family: Arial, sans-serif\"><span style=\"font-size: medium\">Nell&#8217;incontro con il Ministro Tria \u00e8 emersa un\u2019ulteriore ipotesi di lavoro che, attraverso un\u2019intesa a breve con la Regione Siciliana, in sede di Conferenza Unificata, consentirebbe alle ex Province di fare affidamento su risorse che verrebbero sbloccate per far fronte alle prime necessit\u00e0 di carattere finanziario; un&#8217;iniziativa che consentirebbe di dare, dunque, maggiori risposte alle necessit\u00e0 del territorio.<\/span><\/span><div id=\"videoincontent\" style=\"clear:both\";><\/div><\/p>\n","protected":false},"excerpt":{"rendered":"<p>\u201cNel corso del confronto con gli uffici finanziari dello Stato sono state approfondite tutte le possibili ipotesi di soluzione per le problematiche che affliggono le ex Province siciliane, riscontrando la fattiva disponibilit\u00e0 di tutti i presenti a predisporre una serie di misure di carattere normativo per consentire agli Enti in difficolt\u00e0 finanziaria di chiudere i [&hellip;]<\/p>\n","protected":false},"author":8,"featured_media":29917,"comment_status":"closed","ping_status":"open","sticky":false,"template":"","format":"standard","meta":{"ub_ctt_via":"","_mi_skip_tracking":false},"categories":[4],"tags":[],"featured_image_src":"https:\/\/www.messinaoggi.it\/website\/wp-content\/uploads\/2019\/02\/Alessio-Villarosa-e-Cateno-De-Luca.jpg","author_info":{"display_name":"red..me","author_link":"https:\/\/www.messinaoggi.it\/website\/author\/redstage\/"},"digistream_id":0,"digistream":false,"_links":{"self":[{"href":"https:\/\/www.messinaoggi.it\/website\/wp-json\/wp\/v2\/posts\/29916"}],"collection":[{"href":"https:\/\/www.messinaoggi.it\/website\/wp-json\/wp\/v2\/posts"}],"about":[{"href":"https:\/\/www.messinaoggi.it\/website\/wp-json\/wp\/v2\/types\/post"}],"author":[{"embeddable":true,"href":"https:\/\/www.messinaoggi.it\/website\/wp-json\/wp\/v2\/users\/8"}],"replies":[{"embeddable":true,"href":"https:\/\/www.messinaoggi.it\/website\/wp-json\/wp\/v2\/comments?post=29916"}],"version-history":[{"count":0,"href":"https:\/\/www.messinaoggi.it\/website\/wp-json\/wp\/v2\/posts\/29916\/revisions"}],"wp:featuredmedia":[{"embeddable":true,"href":"https:\/\/www.messinaoggi.it\/website\/wp-json\/wp\/v2\/media\/29917"}],"wp:attachment":[{"href":"https:\/\/www.messinaoggi.it\/website\/wp-json\/wp\/v2\/media?parent=29916"}],"wp:term":[{"taxonomy":"category","embeddable":true,"href":"https:\/\/www.messinaoggi.it\/website\/wp-json\/wp\/v2\/categories?post=29916"},{"taxonomy":"post_tag","embeddable":true,"href":"https:\/\/www.messinaoggi.it\/website\/wp-json\/wp\/v2\/tags?post=29916"}],"curies":[{"name":"wp","href":"https:\/\/api.w.org\/{rel}","templated":true}]}}