{"id":29901,"date":"2019-02-26T12:37:09","date_gmt":"2019-02-26T11:37:09","guid":{"rendered":"http:\/\/www.messinaoggi.it\/website\/?p=29901"},"modified":"2019-02-26T12:37:09","modified_gmt":"2019-02-26T11:37:09","slug":"atm-i-sindacati-sul-piede-di-guerra-l8-marzo-si-terra-il-primo-sciopero","status":"publish","type":"post","link":"https:\/\/www.messinaoggi.it\/website\/2019\/02\/26\/atm-i-sindacati-sul-piede-di-guerra-l8-marzo-si-terra-il-primo-sciopero\/","title":{"rendered":"Atm, i sindacati sul piede di guerra. L&#039;8 marzo si terr\u00e0 il primo sciopero"},"content":{"rendered":"<p align=\"JUSTIFY\"><span style=\"color: #000000\">\u201c<span style=\"font-family: Arial, sans-serif\"><span style=\"font-size: medium\"><em>Gli attacchi continui ai diritti dei lavoratori e alla loro dignit\u00e0, nonch\u00e9 la cattiva gestione interna di questa azienda non \u00e8 pi\u00f9 ammissibile da questi sindacati<\/em>\u201d. Queste le parole con cui i segretari di Filt Cgil Uiltrasporti, Faisa CIsal Ugl e Orsa hanno spiegato quali sono le motivazioni che sottostanno al prossimo stop del trasporto pubblico a Messina, la cui prima azione si terr\u00e0 il prossimo 8 marzo a partire dalle ore 10: da quel momento per le successive 4 ore si fermeranno bus, tram e tutto il personale dell&#8217;azienda. &#8220;<em>E se la modalit\u00e0 con cui viene gestita l&#8217;Atm non cambier\u00e0 radicalmente probabilmente non sar\u00e0 l&#8217;ultima<\/em>&#8220;, aggiungono poi le tre organizzazioni sindacali. Riportiamo qui di seguito la relativa nota a firma dei segretari di\u00a0Filt Cgil Uiltrasporti, Faisa CIsal Ugl e Orsa:<\/span><\/span><\/span><div id=\"div-gpt-ad-Messinaoggi.it-DSK-300x250-corpoart\" style=\"text-align:center;margin:0 auto;\"><\/div><\/p>\n<p align=\"JUSTIFY\"><span style=\"font-family: Arial, sans-serif\"><span style=\"color: #000000\"><span style=\"font-size: medium\">&#8220;<em>Si tratta di un&#8217;azienda gestita male, in cui si sente oggi pi\u00f9 forte che mai la cogestione politica con una parte del mondo sindacale che si traduce in azioni unilaterali con l&#8217;emissione di ordini di servizio ad personam, cambi qualifica, <\/em><\/span><\/span><em><span style=\"color: #000000\"><span style=\"font-size: medium\"><b>favoritismi e spostamenti di personale senza criteri trasparenti, meritocratici o interpelli aperti a tutti<\/b><\/span><\/span><span style=\"color: #000000\"><span style=\"font-size: medium\">.<\/span><\/span><\/em><\/span><div id=\"videoincontent\" style=\"clear:both\";><\/div><\/p>\n<p align=\"JUSTIFY\"><em><span style=\"font-family: Arial, sans-serif\"><span style=\"color: #000000\"><span style=\"font-size: medium\"><b>Un piano esercizio contestato da tempo dal sindacato, con tempi di percorrenza e turni inaccettabili per il personale autista, che mantiene un monte di ferie arretrato altissimo<\/b><\/span><\/span><span style=\"color: #000000\"><span style=\"font-size: medium\"> quanto alto risulta il totale del lavoro straordinario impiegato per garantire il servizio all&#8217;utenza che tuttavia continua a subire <\/span><\/span><span style=\"color: #000000\"><span style=\"font-size: medium\"><b>soppressioni con una decina di bus giornalmente<\/b><\/span><\/span><span style=\"color: #000000\"><span style=\"font-size: medium\"> rimasti fermi in deposito. Sicurezza, logistica e stress da lavoro correlato per chi giornalmente guida tra le via di una delle citt\u00e0 pi\u00f9 caotiche d&#8217;Italia sono rischi che il sindacato denuncia da mesi.<\/span><\/span><\/span><\/em><\/p>\n<p align=\"JUSTIFY\"><span style=\"font-family: Arial, sans-serif\"><em><span style=\"color: #000000\"><span style=\"font-size: medium\">I correttivi che sono stati apportati, come ad esempio <\/span><\/span><span style=\"color: #000000\"><span style=\"font-size: medium\"><b>la rotazione dei turni ai fini della equit\u00e0 dei carichi di lavoro, a differenza di come denunciato in questi giorni arrivano come richieste di questi sindacati proprio per evitare privilegi<\/b><\/span><\/span><span style=\"color: #000000\"><span style=\"font-size: medium\">, ma sono provvedimenti insufficienti se continua a perpetrarsi in azienda il <\/span><\/span><span style=\"color: #000000\"><span style=\"font-size: medium\">mercato delle vacche<\/span><\/span><span style=\"color: #000000\"><span style=\"font-size: medium\"> che con <\/span><\/span><span style=\"color: #000000\"><span style=\"font-size: medium\">logiche clientelari favorisce sempre i soliti noti.<\/span><\/span> <span style=\"color: #000000\"><span style=\"font-size: medium\">In interi settori aziendali le piante organiche risultano carenti di figure professionali intermedie e si opera in regime di precariet\u00e0, mentre in barba allo statuto aziendale i posti apicali quasi tutti vacanti vengono gestiti ad interim ormai da tempo immemore con evidenti ricadute operative e gestionali. Ancora oggi si opera in spregio all&#8217;art. 23 dello statuto assegnando il ruolo di facente funzione di Direttore Generale senza applicare la rotazione prevista<\/span><\/span><span style=\"color: #000000\"><span style=\"font-size: medium\">.<\/span><\/span><\/em><\/span><\/p>\n<p align=\"JUSTIFY\"><em><span style=\"font-family: Arial, sans-serif\"><span style=\"color: #000000\"><span style=\"font-size: medium\">In un&#8217;azienda in cui <\/span><\/span><span style=\"color: #000000\"><span style=\"font-size: medium\"><b>i lavoratori sono discriminati e con un clima di forte tensione interna arriva anche la disdetta dell&#8217;accordo integrativo<\/b><\/span><\/span><span style=\"color: #000000\"><span style=\"font-size: medium\">, dichiarato dal Cda &#8220;non sostenibile economicamente per l&#8217;azienda&#8221; e prospettando una futura riduzione dei salari che vorrebbe far pagare a chi lavora la cattiva gestione societaria. <\/span><\/span><span style=\"color: #000000\"><span style=\"font-size: medium\">Mai questi sindacati si sono opposti negli anni alle riqualificazioni del personale Ztl in autisti, tant&#8217;\u00e8 che oltre 40 unit\u00e0 oggi alla guida provengono dalla Ztl e numerosi sono stati gli interpelli emanati. Ma non occorre &#8220;intimidire&#8221; i lavoratori basta che si operi nel campo delle regole contrattuali e di legge, coinvolgendo preventivamente il sindacato<\/span><\/span><span style=\"color: #000000\"><span style=\"font-size: medium\"> quando sar\u00e0 necessaria una ristrutturazione del settore e quando si sapr\u00e0 il futuro piano industriale di un&#8217;Atm che oggi \u00e8 in fase di pre liquidazione<\/span><\/span><\/span><\/em><span style=\"font-family: Arial, sans-serif\"><span style=\"color: #000000\"><span style=\"font-size: medium\">&#8220;.<\/span><\/span><\/span><\/p>\n","protected":false},"excerpt":{"rendered":"<p>\u201cGli attacchi continui ai diritti dei lavoratori e alla loro dignit\u00e0, nonch\u00e9 la cattiva gestione interna di questa azienda non \u00e8 pi\u00f9 ammissibile da questi sindacati\u201d. Queste le parole con cui i segretari di Filt Cgil Uiltrasporti, Faisa CIsal Ugl e Orsa hanno spiegato quali sono le motivazioni che sottostanno al prossimo stop del trasporto [&hellip;]<\/p>\n","protected":false},"author":8,"featured_media":5141,"comment_status":"closed","ping_status":"open","sticky":false,"template":"","format":"standard","meta":{"ub_ctt_via":"","_mi_skip_tracking":false},"categories":[6],"tags":[],"featured_image_src":"https:\/\/www.messinaoggi.it\/website\/wp-content\/uploads\/2017\/07\/bus-atm-2.jpg","author_info":{"display_name":"red..me","author_link":"https:\/\/www.messinaoggi.it\/website\/author\/redstage\/"},"digistream_id":0,"digistream":false,"_links":{"self":[{"href":"https:\/\/www.messinaoggi.it\/website\/wp-json\/wp\/v2\/posts\/29901"}],"collection":[{"href":"https:\/\/www.messinaoggi.it\/website\/wp-json\/wp\/v2\/posts"}],"about":[{"href":"https:\/\/www.messinaoggi.it\/website\/wp-json\/wp\/v2\/types\/post"}],"author":[{"embeddable":true,"href":"https:\/\/www.messinaoggi.it\/website\/wp-json\/wp\/v2\/users\/8"}],"replies":[{"embeddable":true,"href":"https:\/\/www.messinaoggi.it\/website\/wp-json\/wp\/v2\/comments?post=29901"}],"version-history":[{"count":0,"href":"https:\/\/www.messinaoggi.it\/website\/wp-json\/wp\/v2\/posts\/29901\/revisions"}],"wp:featuredmedia":[{"embeddable":true,"href":"https:\/\/www.messinaoggi.it\/website\/wp-json\/wp\/v2\/media\/5141"}],"wp:attachment":[{"href":"https:\/\/www.messinaoggi.it\/website\/wp-json\/wp\/v2\/media?parent=29901"}],"wp:term":[{"taxonomy":"category","embeddable":true,"href":"https:\/\/www.messinaoggi.it\/website\/wp-json\/wp\/v2\/categories?post=29901"},{"taxonomy":"post_tag","embeddable":true,"href":"https:\/\/www.messinaoggi.it\/website\/wp-json\/wp\/v2\/tags?post=29901"}],"curies":[{"name":"wp","href":"https:\/\/api.w.org\/{rel}","templated":true}]}}