{"id":29897,"date":"2019-02-26T15:00:07","date_gmt":"2019-02-26T14:00:07","guid":{"rendered":"http:\/\/www.messinaoggi.it\/website\/?p=29897"},"modified":"2019-02-26T15:00:07","modified_gmt":"2019-02-26T14:00:07","slug":"de-domenico-intende-rilanciare-i-distretti-produttivi-siciliani","status":"publish","type":"post","link":"https:\/\/www.messinaoggi.it\/website\/2019\/02\/26\/de-domenico-intende-rilanciare-i-distretti-produttivi-siciliani\/","title":{"rendered":"De Domenico intende rilanciare i Distretti produttivi siciliani"},"content":{"rendered":"<p class=\"gmail-Standard\" style=\"text-align: justify;\">&#8220;Ripartiamo dalle priorit\u00e0. In quadro politico confuso, caratterizzato da un&#8217;endemica incertezza e privo di una tangibile visione di prospettiva, ho presentato all&#8217;Ars un Disegno di Legge che incrementa la competitivit\u00e0 e l&#8217;efficienza del sistema dei Distretti produttivi in Sicilia. L&#8217;intento \u00e8 quello di ricondurre l&#8217;azione politica e legislativa del Parlamento sulle reali questioni di interesse strategico&#8221;.<div id=\"div-gpt-ad-Messinaoggi.it-DSK-300x250-corpoart\" style=\"text-align:center;margin:0 auto;\"><\/div><\/p>\n<p style=\"text-align: justify;\">Lo afferma in una nota Franco De Domenico, deputato regionale messinese del Pd. &#8220;I Distretti produttivi, in altre realt\u00e0 regionali, anche meridionali quali la Puglia, costituiscono un volano di sviluppo del territorio, incrementando significativamente le\u00a0<i>perfomance<\/i>\u00a0delle imprese che ne fanno parte rispetto alle altre. Due le sostanziali modifiche alla normativa pregressa e gli obbiettivi del disegno di legge: apertura ad altre realt\u00e0 economiche, consentendo che le aziende nazionali e internazionali, purch\u00e9 operanti in Sicilia, possano far parte dei distretti;\u00a0previsione del silenzio assenso, permettendo cos\u00ec il superamento dei blocchi e degli ostacoli prodotti dalle inefficienze della politica e dalla burocrazia, tempi certi e definiti entro i quali consentire alle imprese del nostro territorio di organizzarsi in rete&#8221;.<div id=\"videoincontent\" style=\"clear:both\";><\/div><\/p>\n<p style=\"text-align: justify;\">De Domenico illustra i contenuti del Disegno di legge che intende dare vigore ai Distretti produttivi di Sicilia. &#8220;Se da un lato, infatti, \u00e8 risultato necessario fronteggiare l&#8217;emergenza del protratto mancato riconoscimento di numerose realt\u00e0 distrettuali, che sta colpevolmente penalizzando alcune tra le realt\u00e0 economiche pi\u00f9 dinamiche della nostra regione, dall&#8217;altro appare opportuno rendere il quadro normativo che regolamenta il settore, pi\u00f9 competitivo rispetto alle altre realt\u00e0 regionali, nonch\u00e9 pi\u00f9 efficiente.Questo Disegno di Legge si colloca nel quadro di un&#8217;azione politica pi\u00f9 ampia, che mi ha visto sollecitare pi\u00f9 volte il Governo regionale con interrogazioni e mozioni d&#8217;Aula soprattutto su questioni riguardanti il territorio della nostra provincia. Il tema della competitivit\u00e0 del sistema produttivo regionale, rappresenta la principale emergenza che l&#8217;attuale classe politica \u00e8 chiamata ad affrontare. Alla vigilia di quella che tutti i principali indicatori economici delineano come una nuova fase recessiva dell&#8217;economia nazionale, la Sicilia evidenzia ancora un significativo ritardo nel recupero dei livelli produttivi precedenti alla crisi del 2008. L&#8217;importanza del tema per il presente e per l&#8217;immediato futuro dell&#8217;economia regionale \u00e8, dunque, oltremodo evidente. In questo caso non servono risorse, la cui difficolt\u00e0 di reperimento rappresenta spesso un alibi per coprire mancanza di idee e di iniziativa, ma \u00e8 necessaria un&#8217;azione politica capace di modernizzare, rendere efficiente e stimolare realt\u00e0 produttive che hanno evidenziato, in questi anni, particolare vitalit\u00e0 e dinamismo&#8221;. Conclude il parlamentare regionale.<\/p>\n","protected":false},"excerpt":{"rendered":"<p>&#8220;Ripartiamo dalle priorit\u00e0. In quadro politico confuso, caratterizzato da un&#8217;endemica incertezza e privo di una tangibile visione di prospettiva, ho presentato all&#8217;Ars un Disegno di Legge che incrementa la competitivit\u00e0 e l&#8217;efficienza del sistema dei Distretti produttivi in Sicilia. L&#8217;intento \u00e8 quello di ricondurre l&#8217;azione politica e legislativa del Parlamento sulle reali questioni di interesse [&hellip;]<\/p>\n","protected":false},"author":2,"featured_media":26236,"comment_status":"closed","ping_status":"open","sticky":false,"template":"","format":"standard","meta":{"ub_ctt_via":"","_mi_skip_tracking":false},"categories":[11],"tags":[],"featured_image_src":"https:\/\/www.messinaoggi.it\/website\/wp-content\/uploads\/2018\/11\/F46B02D8-FAD5-4431-BCB1-AA9AE7DF7425.jpeg","author_info":{"display_name":"Redazione","author_link":"https:\/\/www.messinaoggi.it\/website\/author\/redazione\/"},"digistream_id":0,"digistream":false,"_links":{"self":[{"href":"https:\/\/www.messinaoggi.it\/website\/wp-json\/wp\/v2\/posts\/29897"}],"collection":[{"href":"https:\/\/www.messinaoggi.it\/website\/wp-json\/wp\/v2\/posts"}],"about":[{"href":"https:\/\/www.messinaoggi.it\/website\/wp-json\/wp\/v2\/types\/post"}],"author":[{"embeddable":true,"href":"https:\/\/www.messinaoggi.it\/website\/wp-json\/wp\/v2\/users\/2"}],"replies":[{"embeddable":true,"href":"https:\/\/www.messinaoggi.it\/website\/wp-json\/wp\/v2\/comments?post=29897"}],"version-history":[{"count":0,"href":"https:\/\/www.messinaoggi.it\/website\/wp-json\/wp\/v2\/posts\/29897\/revisions"}],"wp:featuredmedia":[{"embeddable":true,"href":"https:\/\/www.messinaoggi.it\/website\/wp-json\/wp\/v2\/media\/26236"}],"wp:attachment":[{"href":"https:\/\/www.messinaoggi.it\/website\/wp-json\/wp\/v2\/media?parent=29897"}],"wp:term":[{"taxonomy":"category","embeddable":true,"href":"https:\/\/www.messinaoggi.it\/website\/wp-json\/wp\/v2\/categories?post=29897"},{"taxonomy":"post_tag","embeddable":true,"href":"https:\/\/www.messinaoggi.it\/website\/wp-json\/wp\/v2\/tags?post=29897"}],"curies":[{"name":"wp","href":"https:\/\/api.w.org\/{rel}","templated":true}]}}