{"id":29895,"date":"2019-02-26T10:39:13","date_gmt":"2019-02-26T09:39:13","guid":{"rendered":"http:\/\/www.messinaoggi.it\/website\/?p=29895"},"modified":"2019-02-26T10:39:13","modified_gmt":"2019-02-26T09:39:13","slug":"villa-dante-inutilizzati-i-nuovi-campi-da-tennis-radici-affidare-limpianto-a-privati","status":"publish","type":"post","link":"https:\/\/www.messinaoggi.it\/website\/2019\/02\/26\/villa-dante-inutilizzati-i-nuovi-campi-da-tennis-radici-affidare-limpianto-a-privati\/","title":{"rendered":"Villa Dante, inutilizzati i nuovi campi da tennis. &quot;Radici&quot;: &quot;Affidare l&#039;impianto a privati&quot;"},"content":{"rendered":"<p><span style=\"font-family: Arial, sans-serif\"><span style=\"font-size: medium\">Diversi sono i campi da tennis che sono stati recentemente riqualificati grazie ai fondi del Masterplan, ma altrettanto numerosi sono i campi che giacciono adesso completamente abbandonati a s\u00e9. \u00c8 questa la situazione paradossale che si presenta all&#8217;interno di Villa Dante, dove i campi da tennis ubicati sul parcheggio coperto, i cui lavori di ripristino sono stati completati l&#8217;estate scorsa, sono del tutto inutilizzati in quanto non gestiti ad oggi da alcun soggetto. <\/span><\/span><br \/>\n<span style=\"font-family: Arial, sans-serif\"><span style=\"font-size: medium\">A mettere sotto la luce dei riflettori tale vicenda \u00e8 stata l&#8217;associazione politica \u201cRadici\u201d, che a tal riguardo ha proposto la realizzazione di una gara ad evidenza pubblica al fine di individuare l\u2019operatore privato che dovr\u00e0 gestire l\u2019impianto in esame: \u201c<em>In particolare,<\/em> &#8211; spiega l&#8217;associazione politica &#8211;<em> riteniamo a questo punto necessario aspettare l\u2019approvazione da parte del Consiglio Comunale del regolamento sull\u2019utilizzo e la gestione degli impianti sportivi comunali, regolamento che ha visto i nostri soci fondatori Alessandro Cacciotto e Libero Gioveni, rispettivamente consigliere della III Circoscrizione e consigliere comunale<\/em><\/span><\/span><em style=\"font-size: medium;font-family: Arial, sans-serif\">, protagonisti nella redazione del regolamento stesso<\/em><span style=\"font-size: medium;font-family: Arial, sans-serif\">\u201d.<\/span><br \/>\n\u201c<span style=\"font-family: Arial, sans-serif\"><span style=\"font-size: medium\"><em>Si tratta di un passaggio necessario<\/em> \u2013 prosegue Radici \u2013<em> affinch\u00e9 i campi da tennis possano essere finalmente utilizzati, e la soluzione pi\u00f9 fattibile \u00e8 quella di procedere ad una gara ad evidenza pubblica al fine di individuare l\u2019operatore privato che dovr\u00e0 gestire l\u2019impianto di Villa Dante<\/em>.\u00a0<\/span><\/span><span style=\"font-family: Arial, sans-serif\"><span style=\"font-size: medium\"><em>Analogo discorso,<\/em> &#8211; conclude l&#8217;associazione politica &#8211; va poi fatto per l\u2019Arena e la piscina di Villa Dante: anche in questo caso bisognerebbe procedere con l&#8217;affidamento delle aree a privati mediante procedure ad evidenza pubblica \u201d.<\/span><\/span><div id=\"div-gpt-ad-Messinaoggi.it-DSK-300x250-corpoart\" style=\"text-align:center;margin:0 auto;\"><\/div><\/p>\n<div id=\"videoincontent\" style=\"clear:both\";><\/div>","protected":false},"excerpt":{"rendered":"<p>Diversi sono i campi da tennis che sono stati recentemente riqualificati grazie ai fondi del Masterplan, ma altrettanto numerosi sono i campi che giacciono adesso completamente abbandonati a s\u00e9. \u00c8 questa la situazione paradossale che si presenta all&#8217;interno di Villa Dante, dove i campi da tennis ubicati sul parcheggio coperto, i cui lavori di ripristino [&hellip;]<\/p>\n","protected":false},"author":8,"featured_media":14186,"comment_status":"closed","ping_status":"open","sticky":false,"template":"","format":"standard","meta":{"ub_ctt_via":"","_mi_skip_tracking":false},"categories":[4],"tags":[],"featured_image_src":"https:\/\/www.messinaoggi.it\/website\/wp-content\/uploads\/2018\/01\/Villa-Dante-ingresso-lato-Provinciale-messinaoggiMarcyR-1.jpg","author_info":{"display_name":"red..me","author_link":"https:\/\/www.messinaoggi.it\/website\/author\/redstage\/"},"digistream_id":0,"digistream":false,"_links":{"self":[{"href":"https:\/\/www.messinaoggi.it\/website\/wp-json\/wp\/v2\/posts\/29895"}],"collection":[{"href":"https:\/\/www.messinaoggi.it\/website\/wp-json\/wp\/v2\/posts"}],"about":[{"href":"https:\/\/www.messinaoggi.it\/website\/wp-json\/wp\/v2\/types\/post"}],"author":[{"embeddable":true,"href":"https:\/\/www.messinaoggi.it\/website\/wp-json\/wp\/v2\/users\/8"}],"replies":[{"embeddable":true,"href":"https:\/\/www.messinaoggi.it\/website\/wp-json\/wp\/v2\/comments?post=29895"}],"version-history":[{"count":0,"href":"https:\/\/www.messinaoggi.it\/website\/wp-json\/wp\/v2\/posts\/29895\/revisions"}],"wp:featuredmedia":[{"embeddable":true,"href":"https:\/\/www.messinaoggi.it\/website\/wp-json\/wp\/v2\/media\/14186"}],"wp:attachment":[{"href":"https:\/\/www.messinaoggi.it\/website\/wp-json\/wp\/v2\/media?parent=29895"}],"wp:term":[{"taxonomy":"category","embeddable":true,"href":"https:\/\/www.messinaoggi.it\/website\/wp-json\/wp\/v2\/categories?post=29895"},{"taxonomy":"post_tag","embeddable":true,"href":"https:\/\/www.messinaoggi.it\/website\/wp-json\/wp\/v2\/tags?post=29895"}],"curies":[{"name":"wp","href":"https:\/\/api.w.org\/{rel}","templated":true}]}}