{"id":29891,"date":"2019-02-26T09:59:15","date_gmt":"2019-02-26T08:59:15","guid":{"rendered":"http:\/\/www.messinaoggi.it\/website\/?p=29891"},"modified":"2019-02-26T09:59:15","modified_gmt":"2019-02-26T08:59:15","slug":"europee-milazzo-fi-per-le-candidature-decide-il-partito","status":"publish","type":"post","link":"https:\/\/www.messinaoggi.it\/website\/2019\/02\/26\/europee-milazzo-fi-per-le-candidature-decide-il-partito\/","title":{"rendered":"Europee, Milazzo (FI): &quot;Per le candidature decide il partito&quot;"},"content":{"rendered":"<div dir=\"auto\" style=\"text-align: justify;\">&#8220;Io non so se voglio o non voglio essere candidato. Non so nemmeno se il Partito decider\u00e0 o non decider\u00e0 di candidarmi. Una cosa \u00e8 certa: far\u00f2 quello che mi indicher\u00e0 il Partito nelle persone di Silvio Berlusconi e Gianfranco Miccich\u00e8&#8221;. A riferirlo \u00e8 il Capogruppo di Forza Italia all&#8217;Assemblea regionale Siciliana, on. Giuseppe Milazzo.<\/div>\n<div dir=\"auto\" style=\"text-align: justify;\"><\/div>\n<div dir=\"auto\" style=\"text-align: justify;\">&#8220;Di certo &#8211; continua Milazzo &#8211; una mia eventuale candidatura non sarebbe accettata o portata avanti perch\u00e9 non avrei altro da fare. Ricordo a me stesso che grazie al mio Partito e ai Parlamentari regionali, sono Capogruppo di maggioranza relativa, di cui mi onoro e sono fiero di portare avanti quotidianamente gli obiettivi e i valori in cui crediamo&#8221;.<\/div>\n<div dir=\"auto\" style=\"text-align: justify;\"><\/div>\n<div dir=\"auto\" style=\"text-align: justify;\">&#8220;Auspico &#8211; conclude il Capogruppo &#8211; che il Partito valuti attentamente la storia e la strada che ogni singolo candidato ha percorso in questi anni&#8221;.<\/div>\n<div id=\"div-gpt-ad-Messinaoggi.it-DSK-300x250-corpoart\" style=\"text-align:center;margin:0 auto;\"><\/div><\/p><div id=\"videoincontent\" style=\"clear:both\";><\/div>","protected":false},"excerpt":{"rendered":"<p>&#8220;Io non so se voglio o non voglio essere candidato. Non so nemmeno se il Partito decider\u00e0 o non decider\u00e0 di candidarmi. Una cosa \u00e8 certa: far\u00f2 quello che mi indicher\u00e0 il Partito nelle persone di Silvio Berlusconi e Gianfranco Miccich\u00e8&#8221;. A riferirlo \u00e8 il Capogruppo di Forza Italia all&#8217;Assemblea regionale Siciliana, on. Giuseppe Milazzo. [&hellip;]<\/p>\n","protected":false},"author":2,"featured_media":2840,"comment_status":"closed","ping_status":"open","sticky":false,"template":"","format":"standard","meta":{"ub_ctt_via":"","_mi_skip_tracking":false},"categories":[11],"tags":[],"featured_image_src":"https:\/\/www.messinaoggi.it\/website\/wp-content\/uploads\/2017\/06\/forza-italia-bandiera-2.jpg","author_info":{"display_name":"Redazione","author_link":"https:\/\/www.messinaoggi.it\/website\/author\/redazione\/"},"digistream_id":0,"digistream":false,"_links":{"self":[{"href":"https:\/\/www.messinaoggi.it\/website\/wp-json\/wp\/v2\/posts\/29891"}],"collection":[{"href":"https:\/\/www.messinaoggi.it\/website\/wp-json\/wp\/v2\/posts"}],"about":[{"href":"https:\/\/www.messinaoggi.it\/website\/wp-json\/wp\/v2\/types\/post"}],"author":[{"embeddable":true,"href":"https:\/\/www.messinaoggi.it\/website\/wp-json\/wp\/v2\/users\/2"}],"replies":[{"embeddable":true,"href":"https:\/\/www.messinaoggi.it\/website\/wp-json\/wp\/v2\/comments?post=29891"}],"version-history":[{"count":0,"href":"https:\/\/www.messinaoggi.it\/website\/wp-json\/wp\/v2\/posts\/29891\/revisions"}],"wp:featuredmedia":[{"embeddable":true,"href":"https:\/\/www.messinaoggi.it\/website\/wp-json\/wp\/v2\/media\/2840"}],"wp:attachment":[{"href":"https:\/\/www.messinaoggi.it\/website\/wp-json\/wp\/v2\/media?parent=29891"}],"wp:term":[{"taxonomy":"category","embeddable":true,"href":"https:\/\/www.messinaoggi.it\/website\/wp-json\/wp\/v2\/categories?post=29891"},{"taxonomy":"post_tag","embeddable":true,"href":"https:\/\/www.messinaoggi.it\/website\/wp-json\/wp\/v2\/tags?post=29891"}],"curies":[{"name":"wp","href":"https:\/\/api.w.org\/{rel}","templated":true}]}}