{"id":29890,"date":"2019-02-26T09:57:06","date_gmt":"2019-02-26T08:57:06","guid":{"rendered":"http:\/\/www.messinaoggi.it\/website\/?p=29890"},"modified":"2019-02-26T09:57:06","modified_gmt":"2019-02-26T08:57:06","slug":"sin-sicilia-bramanti-lascio-un-grande-lavoro","status":"publish","type":"post","link":"https:\/\/www.messinaoggi.it\/website\/2019\/02\/26\/sin-sicilia-bramanti-lascio-un-grande-lavoro\/","title":{"rendered":"Sin Sicilia, Bramanti: &quot;Lascio un grande lavoro&quot;"},"content":{"rendered":"<p style=\"font-weight: 400; text-align: justify;\">Sono stati quattro anni intensi di lavoro concentrati sulla divulgazione, anche al grande pubblico e ai giovani, dei temi legati al cervello, con particolare attenzione alla prevenzione e alla ricerca. Due mandati consecutivi, due elezioni, alla guida, in Sicilia, di una storica societ\u00e0 scientifica, la Societ\u00e0 italiana di Neurologia fondata in Italia nel 1907. Il professore\u00a0<strong>Placido Bramanti<\/strong>, neurologo, professore ordinario presso l\u2019Universit\u00e0 degli Studi di Messina e direttore scientifico dell\u2019Irccs Bonino Pulejo, venerd\u00ec 15 febbraio a Catania, ha lasciato a scadenza di mandato, la segreteria siciliana della Societ\u00e0. Passaggio di consegne avvenuto durante l\u2019annuale congresso regionale, organizzato e voluto nella citt\u00e0 etnea da Bramanti, insieme al segretario nazionale della Sin, il professore\u00a0<strong>Mario Zappia<\/strong>, direttore della Clinica neurologica del Policlinico universitario di Catania, \u00a0che \u00e8 stato un successo di partecipanti (circa 140, da ogni citt\u00e0 della Sicilia e da diverse regioni d\u2019Italia) e ha visto la presenza di illustri relatori nazionali.<div id=\"div-gpt-ad-Messinaoggi.it-DSK-300x250-corpoart\" style=\"text-align:center;margin:0 auto;\"><\/div><\/p>\n<p style=\"font-weight: 400; text-align: justify;\">Un focus di approfondimento di sei sezioni con al centro le \u2018Cure palliative\u2019 in Neurologia, ma che ha approfondito anche temi di strettissima attualit\u00e0 e di massima urgenza, come la nuova rete ospedaliera regionale e quella temporale. \u201cSu questo \u00e8 stato davvero costruttivo il potersi confrontare direttamente con l\u2019assessore alla Salute, Ruggero Razza, che ha partecipato ai lavori \u2013 osserva l\u2019ex segretario \u2013 dare ai siciliani la pi\u00f9 efficiente assistenza sanitaria, nei punti pi\u00f9 distanti della Sicilia \u00e8 un obbligo fondamentale. Speriamo che nell\u2019immediato futuro, anche grazie alla tecnologia, al telesoccorso, in primis, si possa migliorare l\u2019aspetto, appunto dell\u2019assistenza e dell\u2019accesso alle cure. La rete tempo-dipendente \u2013 osserva Bramanti \u2013 \u00e8 strettamente legata allo sviluppo dell\u2019innovazione e della ricerca e, non a caso, uno dei panel del nostro congresso, \u00e8 stato proprio dedicato a questo aspetto\u201d.<div id=\"videoincontent\" style=\"clear:both\";><\/div><\/p>\n<p style=\"font-weight: 400; text-align: justify;\">Bramanti, durante i suoi due mandati, ha organizzato tre congressi regionali della Sin, e iniziative sul territorio: centrale \u00e8 stata l\u2019organizzazione delle settimane del cervello. Nel 2015 con il tema \u2018Nutrire il cervello. Dieta e malattie neurologiche\u2019; nell\u2019edizione 2016 sono stati, inoltre, organizzati incontri divulgativi nelle scuole secondarie di Messina su \u2018Il tempo \u00e8 cervello\u2019, con la presentazione di video didattici da parte di specialisti dell\u2019Irccs con un contest che ha coinvolto gli studenti stessi, con premiazione finale al Palacultura di Messina. Durante la settimana del cervello 2017, il professore Bramanti, insieme ai medici dell\u2019Ircss \u2018Bonino Pulejo\u2019 ha promosso delle giornate di consulenze e test gratuiti per i cittadini all\u2019ospedale Piemonte di Messina, in linea con il tema: \u2018Curare il cervello migliora la vita\u2019.<\/p>\n<p style=\"font-weight: 400; text-align: justify;\">Durante l\u2019edizione 2018, \u201cNon c\u2019\u00e8 muscolo senza cervello\u201d, sono state organizzate delle visite guidate al Caren e agli ambulatori di Medicina dello Sport del centro Bonino Pulejo. Sono stati invitati campioni e squadre sportive locali che, oltre a visitare i nuovi locali, hanno testato il Caren e la attrezzature di medicina dello sport.<\/p>\n<p style=\"font-weight: 400; text-align: justify;\">Le edizioni precedenti del Congresso regionale della Societ\u00e0 di Neurologia si sono concentrati su altri due aspetti importantissimi, capire \u2018Come cambia la Neurologia\u2019, un approfondimento per fare il punto sui nuovi indirizzi diagnostici, terapeutici ed assistenziali nella malattie neurologiche acute e croniche\u201d. Sull\u2019 \u2018Innovazione che avanza\u2019 si \u00e8 invece concentrata l\u2019edizione congressuale dello scorso anno.<\/p>\n<p style=\"font-weight: 400; text-align: justify;\">\u201cLascio una societ\u00e0 che in questi anni ha lavorato tanto \u2013 afferma il professore Bramanti \u2013 e grazie anche a questi momenti di confronto il settore ha valutato notevoli progressi, soprattutto nel campo diagnostico e con nuove terapie che migliorano le condizioni dei pazienti. Queste sono delle certezze. Il mondo scientifico va avanti, conosciamo meglio, rispetto al passato, molte patologie neurologiche, e questa conoscenza per noi, ogni giorno \u00e8 stimolo per studiare, ricercare, affinch\u00e9 nei prossimi anni si possa arrivare a importanti traguardi anche nel campo molecolare e, quindi della cura\u201d.<\/p>\n<p style=\"font-weight: 400; text-align: justify;\">Il Congresso 2019 della Societ\u00e0 italiana di Neurologia, infine, grazie all\u2019elaborazione dei test distribuiti tra i partecipanti ha ottenuto una valutazione altissima, con un giudizio che va tra eccellente e buono per ben l\u201980 per cento dei partecipanti. E\u2019 stato apprezzato, in particolare, il panel dei relatori, la chiarezza dei docenti e delle relazioni; la qualit\u00e0 della segreteria organizzativa, dell\u2019organizzazione dell\u2019evento e dei servizi offerti agli ospiti.<\/p>\n","protected":false},"excerpt":{"rendered":"<p>Sono stati quattro anni intensi di lavoro concentrati sulla divulgazione, anche al grande pubblico e ai giovani, dei temi legati al cervello, con particolare attenzione alla prevenzione e alla ricerca. Due mandati consecutivi, due elezioni, alla guida, in Sicilia, di una storica societ\u00e0 scientifica, la Societ\u00e0 italiana di Neurologia fondata in Italia nel 1907. Il [&hellip;]<\/p>\n","protected":false},"author":2,"featured_media":1870,"comment_status":"closed","ping_status":"open","sticky":false,"template":"","format":"standard","meta":{"ub_ctt_via":"","_mi_skip_tracking":false},"categories":[6],"tags":[],"featured_image_src":"https:\/\/www.messinaoggi.it\/website\/wp-content\/uploads\/2017\/06\/Bramanti-Dino-2.jpg","author_info":{"display_name":"Redazione","author_link":"https:\/\/www.messinaoggi.it\/website\/author\/redazione\/"},"digistream_id":0,"digistream":false,"_links":{"self":[{"href":"https:\/\/www.messinaoggi.it\/website\/wp-json\/wp\/v2\/posts\/29890"}],"collection":[{"href":"https:\/\/www.messinaoggi.it\/website\/wp-json\/wp\/v2\/posts"}],"about":[{"href":"https:\/\/www.messinaoggi.it\/website\/wp-json\/wp\/v2\/types\/post"}],"author":[{"embeddable":true,"href":"https:\/\/www.messinaoggi.it\/website\/wp-json\/wp\/v2\/users\/2"}],"replies":[{"embeddable":true,"href":"https:\/\/www.messinaoggi.it\/website\/wp-json\/wp\/v2\/comments?post=29890"}],"version-history":[{"count":0,"href":"https:\/\/www.messinaoggi.it\/website\/wp-json\/wp\/v2\/posts\/29890\/revisions"}],"wp:featuredmedia":[{"embeddable":true,"href":"https:\/\/www.messinaoggi.it\/website\/wp-json\/wp\/v2\/media\/1870"}],"wp:attachment":[{"href":"https:\/\/www.messinaoggi.it\/website\/wp-json\/wp\/v2\/media?parent=29890"}],"wp:term":[{"taxonomy":"category","embeddable":true,"href":"https:\/\/www.messinaoggi.it\/website\/wp-json\/wp\/v2\/categories?post=29890"},{"taxonomy":"post_tag","embeddable":true,"href":"https:\/\/www.messinaoggi.it\/website\/wp-json\/wp\/v2\/tags?post=29890"}],"curies":[{"name":"wp","href":"https:\/\/api.w.org\/{rel}","templated":true}]}}