{"id":29863,"date":"2019-02-25T12:16:38","date_gmt":"2019-02-25T11:16:38","guid":{"rendered":"http:\/\/www.messinaoggi.it\/website\/?p=29863"},"modified":"2019-02-25T12:16:38","modified_gmt":"2019-02-25T11:16:38","slug":"bilancio-previsionale-liberame-spiega-il-suo-si-al-documento","status":"publish","type":"post","link":"https:\/\/www.messinaoggi.it\/website\/2019\/02\/25\/bilancio-previsionale-liberame-spiega-il-suo-si-al-documento\/","title":{"rendered":"Bilancio previsionale, LiberaMe spiega il suo s\u00ec al documento"},"content":{"rendered":"<p><span style=\"font-family: Arial, sans-serif\"><span style=\"font-size: medium\"><span lang=\"it-IT\">\u00c8 stato approvato sabato scorso dal consiglio comunale il bilancio di previsione 2019-2021, importante documento amministrativo<\/span><\/span><\/span><span style=\"font-family: Arial, sans-serif\"><span lang=\"it-IT\"> di pianificazione economica che viene approvato annualmente dall&#8217;aula consiliare su proposta della giunta. Si tratta del primo bilancio previsionale a firma dell&#8217;amministrazione De Luca, ed \u00e8 stato approvato con 14 voti favorevoli su 21 (11 consiglieri erano assenti durante la discussione in aula). Diversi gli emendamenti presentati inizialmente dai diversi consiglieri comunali, che sono stati comunque ritirati per intero su richiesta del primo cittadino:\u00a0<span style=\"color: #000000\"><span style=\"font-size: medium\">un modo di assecondare supino l\u2019azione di De Luca secondo alcuni, un atto di responsabilit\u00e0 politica nei confronti della citt\u00e0 secondo altri.<\/span><\/span><\/span><\/span><br \/>\n<span style=\"font-family: Arial, sans-serif\"><span lang=\"it-IT\"><span style=\"color: #000000\"><span style=\"font-size: medium\">Diverse le dichiarazioni rilasciate dai gruppi consiliari a margine del voto, tra le quali riportiamo adesso quella del gruppo LiberaME, che ha motivato cos\u00ec il proprio s\u00ec al bilancio previsionale: &#8220;<em>Questo risultato \u00e8 stato raggiunto,<\/em> &#8211; spiegano Bonfiglio, Pergolizzi, Rizzo e Russo in una nota congiunta\u00a0<span style=\"font-size: medium;font-family: Arial, sans-serif;color: #000000\">&#8211;<em> vincolando la Giunta De Luca a portare <\/em><\/span><em><span style=\"font-size: medium;font-family: Arial, sans-serif;color: #00000a\">in aula<\/span><span style=\"font-size: medium;font-family: Arial, sans-serif;color: #000000\"> entro il mese di marzo il bilancio consuntivo del 2018, su cui sono gi\u00e0 attualmente prevedibili cifre pari a circa 4 milioni di euro di avanzo di amministrazione. Questo proficuo scambio tra un \u201cSindaco senza maggioranza\u201d e delle \u201cforze politiche senza un sindaco\u201d riequilibra sensibilmente questo presunto rapporto di forza tra De Luca e il Consiglio, a vantaggio di un sistema decisamente meno sfavorevole alle dinamiche politiche dell\u2019Aula. <\/span><\/em><\/span><\/span><\/span><\/span><div id=\"div-gpt-ad-Messinaoggi.it-DSK-300x250-corpoart\" style=\"text-align:center;margin:0 auto;\"><\/div><\/p>\n<p lang=\"it-IT\" align=\"JUSTIFY\"><span style=\"font-family: Arial, sans-serif\"><span style=\"font-size: medium\">&#8220;<em>A tal proposito, abbiamo presentato degli ordini del giorno di impegno a far leva sugli avanzi di amministrazione che saranno di grande importanza per la vivibilit\u00e0 della citt\u00e0: abbiamo chiesto di stanziare adeguate risorse per un potenziamento degli interventi straordinari di manutenzioni stradali e altrettanto significative saranno le risorse che dovranno essere stanziate a sostegno della riqualificazione dei villaggi &#8211; soprattutto della zona Sud &#8211; che sono stati negli anni colpiti da eventi alluvionali. Ancora, abbiamo impegnato l\u2019Amministrazione a destinare risorse importanti per l\u2019avvio di interventi di riqualificazione e valorizzazione delle spiagge pubbliche cittadine, ad oggi in totale stato di abbandono e prive delle pi\u00f9 essenziali condizioni di vivibilit\u00e0 al fine garantire un\u2019adeguata permanenza a tutti coloro che intendano usufruirne, dotandole di impianti doccia, cestini porta rifiuti, aree attrezzate per bambini ed animali domestici e <span style=\"color: #000000\">di strutture e attrezzature finalizzate ad agevolare l&#8217;accesso alle spiagge ai diversamente abili<\/span>, per la costituzione di un \u201cFondo per le Arti e la Cultura\u201d che dia sostegno e concreto supporto materiale ed economico ai giovani che fanno cultura, musica e teatro in Citt\u00e0, finanziando le attivit\u00e0 pi\u00f9 interessanti, per la realizzazione di un sistema di rete wi fi libero e gratuito nei punti pi\u00f9 importanti della nostra Citt\u00e0, per la riqualificazione di alcuni spazi di grande rilevanza e di nuove centralit\u00e0 &#8211; come Fondo De Pasquale e Forte Ogliastri &#8211; per restituire socialit\u00e0 e comunit\u00e0 alle periferie di Messina, per decenni abbandonate e neglette da parte dell\u2019azione di praticamente tulle le Giunte che sin qui si son succedute.<\/em><\/span><\/span><div id=\"videoincontent\" style=\"clear:both\";><\/div><\/p>\n<p lang=\"it-IT\" align=\"JUSTIFY\"><span style=\"color: #000000\"><span style=\"font-family: Arial, sans-serif\"><span style=\"font-size: medium\">&#8220;<em>Su questi impegni di spesa, il Consiglio inizier\u00e0 a discutere da marted\u00ec prossimo; ma ci sembra utile far conoscere all\u2019opinione pubblica che l\u2019aver velocemente approvato un bilancio preventivo non significa un aver \u201ctirato i remi in barca\u201d,\u00a0<\/em><\/span><\/span><\/span><em style=\"font-size: medium;font-family: Arial, sans-serif;color: #000000\">bens\u00ec aver spostato alla discussione e approvazione del bilancio consuntivo il dibattito sulle priorit\u00e0 da attivarsi nel 2019 per ricominciare a dare segni di discontinuit\u00e0 amministrativa rispetto al passato.<\/em><\/p>\n<p lang=\"it-IT\" align=\"JUSTIFY\"><span style=\"color: #000000\"><span style=\"font-family: Arial, sans-serif\"><span style=\"font-size: medium\"><span style=\"color: #00000a\">&#8220;<em>Abbiamo ancora una volta operato con senso di responsabilit\u00e0, preferendo assumere una posizione che portasse benefici concreti alla comunit\u00e0, piuttosto che arroccarci in comodi isolamenti politici di aventiniana memoria, figli una vecchia concezione della politica \u201cdel tanto peggio tanto meglio\u201d immemore delle ragioni delle sconfitte, consapevoli del fatto che la citt\u00e0 attende risposte rapide ai propri bisogni. Non siamo la maggioranza del Sindaco, i cui metodi comunicativi abbiamo sempre stigmatizzato, ma vogliamo rappresentare un pungolo per l\u2019amministrazione, atto per atto e senza inseguire facili ma egoistici vantaggi politici.\u00a0<\/em><\/span><\/span><\/span><\/span><span style=\"color: #000000\"><span style=\"font-family: Arial, sans-serif\"><span style=\"font-size: medium\"><span style=\"color: #00000a\"><em>Dalla citt\u00e0 siamo stati eletti, e per la citt\u00e0 opereremo sempre<\/em>&#8220;.<\/span><\/span><\/span><\/span><\/p>\n","protected":false},"excerpt":{"rendered":"<p>\u00c8 stato approvato sabato scorso dal consiglio comunale il bilancio di previsione 2019-2021, importante documento amministrativo di pianificazione economica che viene approvato annualmente dall&#8217;aula consiliare su proposta della giunta. Si tratta del primo bilancio previsionale a firma dell&#8217;amministrazione De Luca, ed \u00e8 stato approvato con 14 voti favorevoli su 21 (11 consiglieri erano assenti durante [&hellip;]<\/p>\n","protected":false},"author":8,"featured_media":1583,"comment_status":"closed","ping_status":"open","sticky":false,"template":"","format":"standard","meta":{"ub_ctt_via":"","_mi_skip_tracking":false},"categories":[4],"tags":[],"featured_image_src":"https:\/\/www.messinaoggi.it\/website\/wp-content\/uploads\/2017\/06\/Consiglio-comunale-aula-2.jpg","author_info":{"display_name":"red..me","author_link":"https:\/\/www.messinaoggi.it\/website\/author\/redstage\/"},"digistream_id":0,"digistream":false,"_links":{"self":[{"href":"https:\/\/www.messinaoggi.it\/website\/wp-json\/wp\/v2\/posts\/29863"}],"collection":[{"href":"https:\/\/www.messinaoggi.it\/website\/wp-json\/wp\/v2\/posts"}],"about":[{"href":"https:\/\/www.messinaoggi.it\/website\/wp-json\/wp\/v2\/types\/post"}],"author":[{"embeddable":true,"href":"https:\/\/www.messinaoggi.it\/website\/wp-json\/wp\/v2\/users\/8"}],"replies":[{"embeddable":true,"href":"https:\/\/www.messinaoggi.it\/website\/wp-json\/wp\/v2\/comments?post=29863"}],"version-history":[{"count":0,"href":"https:\/\/www.messinaoggi.it\/website\/wp-json\/wp\/v2\/posts\/29863\/revisions"}],"wp:featuredmedia":[{"embeddable":true,"href":"https:\/\/www.messinaoggi.it\/website\/wp-json\/wp\/v2\/media\/1583"}],"wp:attachment":[{"href":"https:\/\/www.messinaoggi.it\/website\/wp-json\/wp\/v2\/media?parent=29863"}],"wp:term":[{"taxonomy":"category","embeddable":true,"href":"https:\/\/www.messinaoggi.it\/website\/wp-json\/wp\/v2\/categories?post=29863"},{"taxonomy":"post_tag","embeddable":true,"href":"https:\/\/www.messinaoggi.it\/website\/wp-json\/wp\/v2\/tags?post=29863"}],"curies":[{"name":"wp","href":"https:\/\/api.w.org\/{rel}","templated":true}]}}