{"id":29820,"date":"2019-02-23T15:00:38","date_gmt":"2019-02-23T14:00:38","guid":{"rendered":"http:\/\/www.messinaoggi.it\/website\/?p=29820"},"modified":"2019-02-23T15:00:38","modified_gmt":"2019-02-23T14:00:38","slug":"transito-alloggi-da-iacp-ad-arisme-gioveni-e-cacciotto-chiedono-chiarezza","status":"publish","type":"post","link":"https:\/\/www.messinaoggi.it\/website\/2019\/02\/23\/transito-alloggi-da-iacp-ad-arisme-gioveni-e-cacciotto-chiedono-chiarezza\/","title":{"rendered":"Transito alloggi da Iacp ad Arisme, Gioveni e Cacciotto chiedono chiarezza"},"content":{"rendered":"<p lang=\"it-IT\"><span style=\"color: #000000\">\u201c<\/span><span style=\"font-family: Arial, sans-serif\"><span style=\"font-size: medium\"><span style=\"color: #000000\"><em>Si parla tanto di immobili in questo periodo in vista della costituenda nuova societ\u00e0 \u201cMessina Patrimonio SpA\u201d, ma ci si \u00e8 accorti della totale confusione che si \u00e8 creata con il passaggio di ben 480 alloggi dall\u2019Iacp ad Arisme? E inoltre, ci si \u00e8 chiesto come cambieranno le modalit\u00e0 di gestione delle risorse gi\u00e0 stanziate in capo all\u2019Iacp nella realizzazione dei parchi urbani?<\/em>\u201d.\u00a0<\/span><span style=\"color: #000000\">Sono questi i principali interrogativi che il consigliere comunale Libero Gioveni e il consigliere della III Circoscrizione Alessandro Cacciotto si pongono dopo il varo dell<\/span><span style=\"color: #000000\">\u2019<\/span><span style=\"color: #000000\">emendamento della Finanziaria che ha definitivamente sancito la titolarit\u00e0 delle aree e, soprattutto, dei numerosissimi alloggi Erp realizzati con i fondi della legge regionale 10\/1990 che fino al 31 dicembre erano gestiti dall\u2019Iacp.<\/span><\/span><\/span><div id=\"div-gpt-ad-Messinaoggi.it-DSK-300x250-corpoart\" style=\"text-align:center;margin:0 auto;\"><\/div><\/p>\n<p lang=\"it-IT\"><span style=\"font-family: Arial, sans-serif\"><span style=\"font-size: medium\"><span style=\"color: #000000\">\u201c<em>Nessuno sa o omette di dire<\/em> \u2013 affermano Gioveni e Cacciotto \u2013<em> che a questi 480 nuclei familiari che nessuno pare abbia avvisato ufficialmente di questa sorta di passaggio di consegne fra Iacp ed Arisme (per altro fatto un po\u2019 all\u2019acqua di rose visto che l\u2019Iacp ha consegnato all\u2019agenzia solo i contratti di locazione e nulla pi\u00f9), gi\u00e0 da due mesi l\u2019Istituto non invia pi\u00f9 a casa i bollettini per il pagamento del canone, con conseguente disorientamento degli inquilini e un mancato incasso dei canoni da parte del Comune.<\/em><\/span><\/span><\/span><div id=\"videoincontent\" style=\"clear:both\";><\/div><\/p>\n<p lang=\"it-IT\"><span style=\"font-family: Arial, sans-serif\"><span style=\"font-size: medium\"><span style=\"color: #000000\"><em>\u201cE del personale di Arisme ne vogliamo parlare? Si ha idea \u2013 si chiedono anche Gioveni e Cacciotto \u2013 di quanto personale tecnico e amministrativo in forza all\u2019agenzia e non al Comune occorra per gestire sia i rapporti fra Ente e inquilini, sia le progettazioni e gli interventi di manutenzione? E ancora: le risorse gi\u00e0 stanziate per la realizzazione o il completamento dei parchi urbani (si pensi per esempio ai 430 mila euro nelle casse dell\u2019Iacp per il completamento del parco urbano di Camaro S. Antonio), come e da chi saranno utilizzate?<\/em><\/span><\/span><\/span><\/p>\n<p lang=\"it-IT\"><span style=\"font-family: Arial, sans-serif\"><span style=\"font-size: medium\"><span style=\"color: #000000\"><em>\u201cInsomma \u2013 concludono Gioveni e Cacciotto \u2013 la confusione regna sovrana e il rischio che l\u2019immobilismo di questi anni, anzich\u00e9 essere cancellato, venga accentuato, c\u2019\u00e8 tutto! Si faccia quindi estrema chiarezza a 360 gradi, perch\u00e9 la citt\u00e0 non pu\u00f2 pi\u00f9 permettersi che norme appena varate (come fu all\u2019epoca la 10\/1990) vengano prima celebrate come delle \u201cmanne da cielo\u201d, per poi rivelarsi inconcludenti, fallimentari o, come in questo caso, anche pasticcione!\u201d.<\/em><\/span><\/span><\/span><\/p>\n<p> <\/p>\n","protected":false},"excerpt":{"rendered":"<p>\u201cSi parla tanto di immobili in questo periodo in vista della costituenda nuova societ\u00e0 \u201cMessina Patrimonio SpA\u201d, ma ci si \u00e8 accorti della totale confusione che si \u00e8 creata con il passaggio di ben 480 alloggi dall\u2019Iacp ad Arisme? E inoltre, ci si \u00e8 chiesto come cambieranno le modalit\u00e0 di gestione delle risorse gi\u00e0 stanziate [&hellip;]<\/p>\n","protected":false},"author":8,"featured_media":15003,"comment_status":"closed","ping_status":"open","sticky":false,"template":"","format":"standard","meta":{"ub_ctt_via":"","_mi_skip_tracking":false},"categories":[4],"tags":[],"featured_image_src":"https:\/\/www.messinaoggi.it\/website\/wp-content\/uploads\/2018\/01\/Foto-Cacciotto-e-Gioveni-2-1.jpg","author_info":{"display_name":"red..me","author_link":"https:\/\/www.messinaoggi.it\/website\/author\/redstage\/"},"digistream_id":0,"digistream":false,"_links":{"self":[{"href":"https:\/\/www.messinaoggi.it\/website\/wp-json\/wp\/v2\/posts\/29820"}],"collection":[{"href":"https:\/\/www.messinaoggi.it\/website\/wp-json\/wp\/v2\/posts"}],"about":[{"href":"https:\/\/www.messinaoggi.it\/website\/wp-json\/wp\/v2\/types\/post"}],"author":[{"embeddable":true,"href":"https:\/\/www.messinaoggi.it\/website\/wp-json\/wp\/v2\/users\/8"}],"replies":[{"embeddable":true,"href":"https:\/\/www.messinaoggi.it\/website\/wp-json\/wp\/v2\/comments?post=29820"}],"version-history":[{"count":0,"href":"https:\/\/www.messinaoggi.it\/website\/wp-json\/wp\/v2\/posts\/29820\/revisions"}],"wp:featuredmedia":[{"embeddable":true,"href":"https:\/\/www.messinaoggi.it\/website\/wp-json\/wp\/v2\/media\/15003"}],"wp:attachment":[{"href":"https:\/\/www.messinaoggi.it\/website\/wp-json\/wp\/v2\/media?parent=29820"}],"wp:term":[{"taxonomy":"category","embeddable":true,"href":"https:\/\/www.messinaoggi.it\/website\/wp-json\/wp\/v2\/categories?post=29820"},{"taxonomy":"post_tag","embeddable":true,"href":"https:\/\/www.messinaoggi.it\/website\/wp-json\/wp\/v2\/tags?post=29820"}],"curies":[{"name":"wp","href":"https:\/\/api.w.org\/{rel}","templated":true}]}}