{"id":29807,"date":"2019-02-23T09:08:07","date_gmt":"2019-02-23T08:08:07","guid":{"rendered":"http:\/\/www.messinaoggi.it\/website\/?p=29807"},"modified":"2019-02-23T09:08:07","modified_gmt":"2019-02-23T08:08:07","slug":"messina-identitaria-gesto-grave-di-soggetti-isolati","status":"publish","type":"post","link":"https:\/\/www.messinaoggi.it\/website\/2019\/02\/23\/messina-identitaria-gesto-grave-di-soggetti-isolati\/","title":{"rendered":"Messina Identitaria: &quot;Gesto grave di soggetti isolati&quot;"},"content":{"rendered":"<p>Le scritte offensive sul monumento ai caduti della Batteria Masotto hanno generato un vespaio di polemiche. Nel dibattito interviene il circolo &#8220;Messina Identitaria&#8221; che stigmatizza il gesto.<div id=\"div-gpt-ad-Messinaoggi.it-DSK-300x250-corpoart\" style=\"text-align:center;margin:0 auto;\"><\/div><\/p>\n<p style=\"text-align: justify;\">&#8220;Riteniamo che chi o coloro che hanno imbrattato il monumento ai caduti della battaglia di Adua, sul Lungomare siano dei soggetti isolati ma nel contempo non possiamo non rilevare la gravit\u00e0 di un gesto che oltre a offendere la memoria di chi \u00e8 caduto combattendo per la patria, ferisce il sentimento di appartenenza di tutti i cittadini messinesi ad una comunit\u00e0 che si riconosce nei valori della Repubblica. Auspicando un immediato intervento dell\u2019amministrazione comunale perch\u00e9 disponga al pi\u00f9 presto la cancellazione della turpe iscrizione, abbiamo deciso di dare un segnale affinch\u00e9 simili atti vengano opportunamente stigmatizzati, peraltro ricordando agli autori, come gli stessi costituiscano reato punito dal codice penale. Una nostra delegazione pertanto, oggi sabato 23 febbraio, alle ore 11:00, depositer\u00e0 una corona di alloro ai piedi del monumento&#8221;.<div id=\"videoincontent\" style=\"clear:both\";><\/div><\/p>\n","protected":false},"excerpt":{"rendered":"<p>Le scritte offensive sul monumento ai caduti della Batteria Masotto hanno generato un vespaio di polemiche. Nel dibattito interviene il circolo &#8220;Messina Identitaria&#8221; che stigmatizza il gesto. &#8220;Riteniamo che chi o coloro che hanno imbrattato il monumento ai caduti della battaglia di Adua, sul Lungomare siano dei soggetti isolati ma nel contempo non possiamo non [&hellip;]<\/p>\n","protected":false},"author":2,"featured_media":29772,"comment_status":"closed","ping_status":"open","sticky":false,"template":"","format":"standard","meta":{"ub_ctt_via":"","_mi_skip_tracking":false},"categories":[5],"tags":[],"featured_image_src":"https:\/\/www.messinaoggi.it\/website\/wp-content\/uploads\/2019\/02\/monumento-ai-caduti.jpg","author_info":{"display_name":"Redazione","author_link":"https:\/\/www.messinaoggi.it\/website\/author\/redazione\/"},"digistream_id":0,"digistream":false,"_links":{"self":[{"href":"https:\/\/www.messinaoggi.it\/website\/wp-json\/wp\/v2\/posts\/29807"}],"collection":[{"href":"https:\/\/www.messinaoggi.it\/website\/wp-json\/wp\/v2\/posts"}],"about":[{"href":"https:\/\/www.messinaoggi.it\/website\/wp-json\/wp\/v2\/types\/post"}],"author":[{"embeddable":true,"href":"https:\/\/www.messinaoggi.it\/website\/wp-json\/wp\/v2\/users\/2"}],"replies":[{"embeddable":true,"href":"https:\/\/www.messinaoggi.it\/website\/wp-json\/wp\/v2\/comments?post=29807"}],"version-history":[{"count":0,"href":"https:\/\/www.messinaoggi.it\/website\/wp-json\/wp\/v2\/posts\/29807\/revisions"}],"wp:featuredmedia":[{"embeddable":true,"href":"https:\/\/www.messinaoggi.it\/website\/wp-json\/wp\/v2\/media\/29772"}],"wp:attachment":[{"href":"https:\/\/www.messinaoggi.it\/website\/wp-json\/wp\/v2\/media?parent=29807"}],"wp:term":[{"taxonomy":"category","embeddable":true,"href":"https:\/\/www.messinaoggi.it\/website\/wp-json\/wp\/v2\/categories?post=29807"},{"taxonomy":"post_tag","embeddable":true,"href":"https:\/\/www.messinaoggi.it\/website\/wp-json\/wp\/v2\/tags?post=29807"}],"curies":[{"name":"wp","href":"https:\/\/api.w.org\/{rel}","templated":true}]}}