{"id":29795,"date":"2019-02-22T18:53:13","date_gmt":"2019-02-22T17:53:13","guid":{"rendered":"http:\/\/www.messinaoggi.it\/website\/?p=29795"},"modified":"2019-02-22T18:53:13","modified_gmt":"2019-02-22T17:53:13","slug":"un-weekend-fiabesco-al-clan-off-teatro-in-scena-il-cavallo-fatato","status":"publish","type":"post","link":"https:\/\/www.messinaoggi.it\/website\/2019\/02\/22\/un-weekend-fiabesco-al-clan-off-teatro-in-scena-il-cavallo-fatato\/","title":{"rendered":"Un weekend fiabesco al Clan Off Teatro. In scena Il cavallo fatato"},"content":{"rendered":"<p>Continuano gli appuntamenti\u00a0 del Clan degli Attori. Domani e dopodomani, alle ore 18.00, sul palco del Clan Off Teatro andr\u00e0 in scena\u00a0 lo spettacolo, per tutta la famiglia, dal titolo \u201cIl cavallo fatato\u201d diretto e interpretato da \u00a0\u00a0\u00a0Salvatore Ragusa, con musiche eseguite dal vivo di Giorgio Maltese. Un altro tassello della multiforme programmazione proposta dai direttori artistici Giovanni Maria Curr\u00f2 e Mauro Failla, che affianca la stagione #r-esistenze.<br \/>\nLo spettacolo si svolge intorno ad un teatrino dove marionette e macchine sceniche interagiscono con il narratore-manovratore, in un racconto in musica fatto su testi tradizionali siciliani rielaborati e musiche popolari suonate con lira, organetto e percussioni.<br \/>\n\u00abAbbiamo ripreso alcune storie tratte dalla straordinaria raccolta di fiabe, novelle e racconti popolari siciliani di Giuseppe Pitr\u00e8 e li abbiamo resi protagonisti di un\u2019opera per marionette \u2013 ha spiegato Salvatore Ragusa \u2013 Lo spettacolo ha un forte legame, anche nelle forme e nella struttura, con la tradizione dei cantastorie siciliani, che ci sembra capace ancora oggi di appassionare e coinvolgere i ragazzi (e gli adulti) cos\u00ec abituati alla tecnologia ed agli effetti speciali moderni\u00bb.<br \/>\n<img loading=\"lazy\" class=\"alignnone size-medium wp-image-29797\" src=\"http:\/\/www.messinaoggi.it\/website\/wp-content\/uploads\/2019\/02\/il-cavallo-fatato_16194-300x200.jpg\" alt=\"\" width=\"300\" height=\"200\" \/><br \/>\nL\u2019artista paternese Salvatore Ragusa con lo spettacolo \u201cIl cavallo fatato\u201d, nel quale ha rielaborato il ricco repertorio di fiabe, novelle e racconti popolari siciliani di Giuseppe Pitr\u00e8, ha vinto il primo premio del Festival teatrale sulle Memorie che si \u00e8 tenuto a Montalbano Elicona dall\u20191 al 3 settembre 2017, aggiudicandosi una tourn\u00e9e nei comuni del circuito del Club dei Borghi pi\u00f9 belli d&#8217;Italia. Un racconto in musica quello di Ragusa, in scena insieme a Giorgio Maltese, che \u00e8 riuscito a conquistare ed emozionare sia il pubblico che la giuria composta dal regista franco senegalese Mamadou Dioume, dalla danzatrice della Compagnia Carolyn Carlson Sara Orselli e dal musicista Angelo Privitera.<br \/>\nQueste le premesse\u00a0 di uno spettacolo che incanter\u00e0 grandi e piccini, sin dalle primissime battute.<div id=\"div-gpt-ad-Messinaoggi.it-DSK-300x250-corpoart\" style=\"text-align:center;margin:0 auto;\"><\/div><\/p>\n<div id=\"videoincontent\" style=\"clear:both\";><\/div>","protected":false},"excerpt":{"rendered":"<p>Continuano gli appuntamenti\u00a0 del Clan degli Attori. Domani e dopodomani, alle ore 18.00, sul palco del Clan Off Teatro andr\u00e0 in scena\u00a0 lo spettacolo, per tutta la famiglia, dal titolo \u201cIl cavallo fatato\u201d diretto e interpretato da \u00a0\u00a0\u00a0Salvatore Ragusa, con musiche eseguite dal vivo di Giorgio Maltese. Un altro tassello della multiforme programmazione proposta dai [&hellip;]<\/p>\n","protected":false},"author":5,"featured_media":29796,"comment_status":"closed","ping_status":"open","sticky":false,"template":"","format":"standard","meta":{"ub_ctt_via":"","_mi_skip_tracking":false},"categories":[17],"tags":[],"featured_image_src":"https:\/\/www.messinaoggi.it\/website\/wp-content\/uploads\/2019\/02\/il-cavallo-fatato6195.jpg","author_info":{"display_name":"Maria Antonella Saia","author_link":"https:\/\/www.messinaoggi.it\/website\/author\/m-saia\/"},"digistream_id":0,"digistream":false,"_links":{"self":[{"href":"https:\/\/www.messinaoggi.it\/website\/wp-json\/wp\/v2\/posts\/29795"}],"collection":[{"href":"https:\/\/www.messinaoggi.it\/website\/wp-json\/wp\/v2\/posts"}],"about":[{"href":"https:\/\/www.messinaoggi.it\/website\/wp-json\/wp\/v2\/types\/post"}],"author":[{"embeddable":true,"href":"https:\/\/www.messinaoggi.it\/website\/wp-json\/wp\/v2\/users\/5"}],"replies":[{"embeddable":true,"href":"https:\/\/www.messinaoggi.it\/website\/wp-json\/wp\/v2\/comments?post=29795"}],"version-history":[{"count":0,"href":"https:\/\/www.messinaoggi.it\/website\/wp-json\/wp\/v2\/posts\/29795\/revisions"}],"wp:featuredmedia":[{"embeddable":true,"href":"https:\/\/www.messinaoggi.it\/website\/wp-json\/wp\/v2\/media\/29796"}],"wp:attachment":[{"href":"https:\/\/www.messinaoggi.it\/website\/wp-json\/wp\/v2\/media?parent=29795"}],"wp:term":[{"taxonomy":"category","embeddable":true,"href":"https:\/\/www.messinaoggi.it\/website\/wp-json\/wp\/v2\/categories?post=29795"},{"taxonomy":"post_tag","embeddable":true,"href":"https:\/\/www.messinaoggi.it\/website\/wp-json\/wp\/v2\/tags?post=29795"}],"curies":[{"name":"wp","href":"https:\/\/api.w.org\/{rel}","templated":true}]}}