{"id":29785,"date":"2019-02-22T12:20:01","date_gmt":"2019-02-22T11:20:01","guid":{"rendered":"http:\/\/www.messinaoggi.it\/website\/?p=29785"},"modified":"2019-02-22T12:20:01","modified_gmt":"2019-02-22T11:20:01","slug":"giko-torna-a-messina-con-la-mostra-dal-titolo-le-grida-silenziose","status":"publish","type":"post","link":"https:\/\/www.messinaoggi.it\/website\/2019\/02\/22\/giko-torna-a-messina-con-la-mostra-dal-titolo-le-grida-silenziose\/","title":{"rendered":"GiKo torna a Messina con la mostra dal titolo Le Grida Silenziose"},"content":{"rendered":"<p>Questo pomeriggio, \u00a0alle ore 18.00, nei saloni espositivi del Teatro Vittorio Emanuele, sar\u00e0 inaugurato il vernissage di Giacoma Venuti in arte \u201cGIKO\u201d \u00a0dal titolo \u201cLe Grida Silenziose\u201d. GIKO torna a Messina dopo una lunga assenza.<br \/>\nLa sua ultima mostra a Messina risale al 1995. In questo lungo periodo l&#8217;artista ha lavorato intensamente e da professionista, ben inserita nel circuito delle gallerie e del sistema dell&#8217;arte contemporanea italiana ed europea. La sua ricerca \u00e8 principalmente pittorica, accompagnata da una felice produzione grafica e alcune recenti esplorazioni nel campo della digital art e della grafica computerizzata. La sua pittura si \u00e8 sempre caratterizzata per la struttura disegnativa complessa e, soprattutto, per un inconfondibile senso del colore.<br \/>\nIn questa mostra, le Grida Silenziose feriscono lo sguardo con la potenza del dramma. Il tema dei migranti \u00e8 affrontato con assoluto trasporto, piena empatia. Nel racconto del dramma dei migranti affogati nel mar Mediterraneo, la cronaca ha qualcosa di pi\u00f9 intenso: il pesce mostro che divora i naviganti, il tema della barca, metafora della vita e della morte, l&#8217;esistenza umana tutta \u00e8 colta da GIKO in tutta la sua dolorosa essenza. Il mare in tempesta, ambiente naturale in cui anche i pesci sono divoratori, \u00e8 metafora dell&#8217;esistenza umana.<br \/>\n <br \/>\nL\u2019evento, curato da Giuseppe La Motta, nell&#8217;ambito del progetto \u201cOpera al Centro\u201d, sar\u00e0 presentato dal critico Mos\u00e8 Previti. La mostra potr\u00e0 essere visitata tutti i giorni, escluso il luned\u00ec, a partire \u00a0da oggi fino \u00a0al 7 marzo nelle fasce orarie dalle ore 10:00 alle ore 13:00 e poi dalle ore \u00a016:00-19:00.<div id=\"div-gpt-ad-Messinaoggi.it-DSK-300x250-corpoart\" style=\"text-align:center;margin:0 auto;\"><\/div><\/p>\n<div id=\"videoincontent\" style=\"clear:both\";><\/div>","protected":false},"excerpt":{"rendered":"<p>Questo pomeriggio, \u00a0alle ore 18.00, nei saloni espositivi del Teatro Vittorio Emanuele, sar\u00e0 inaugurato il vernissage di Giacoma Venuti in arte \u201cGIKO\u201d \u00a0dal titolo \u201cLe Grida Silenziose\u201d. GIKO torna a Messina dopo una lunga assenza. La sua ultima mostra a Messina risale al 1995. In questo lungo periodo l&#8217;artista ha lavorato intensamente e da professionista, [&hellip;]<\/p>\n","protected":false},"author":5,"featured_media":2294,"comment_status":"closed","ping_status":"open","sticky":false,"template":"","format":"standard","meta":{"ub_ctt_via":"","_mi_skip_tracking":false},"categories":[16],"tags":[],"featured_image_src":"https:\/\/www.messinaoggi.it\/website\/wp-content\/uploads\/2017\/06\/Teatro-Vittorio-Emanuele-2.jpg","author_info":{"display_name":"Maria Antonella Saia","author_link":"https:\/\/www.messinaoggi.it\/website\/author\/m-saia\/"},"digistream_id":0,"digistream":false,"_links":{"self":[{"href":"https:\/\/www.messinaoggi.it\/website\/wp-json\/wp\/v2\/posts\/29785"}],"collection":[{"href":"https:\/\/www.messinaoggi.it\/website\/wp-json\/wp\/v2\/posts"}],"about":[{"href":"https:\/\/www.messinaoggi.it\/website\/wp-json\/wp\/v2\/types\/post"}],"author":[{"embeddable":true,"href":"https:\/\/www.messinaoggi.it\/website\/wp-json\/wp\/v2\/users\/5"}],"replies":[{"embeddable":true,"href":"https:\/\/www.messinaoggi.it\/website\/wp-json\/wp\/v2\/comments?post=29785"}],"version-history":[{"count":0,"href":"https:\/\/www.messinaoggi.it\/website\/wp-json\/wp\/v2\/posts\/29785\/revisions"}],"wp:featuredmedia":[{"embeddable":true,"href":"https:\/\/www.messinaoggi.it\/website\/wp-json\/wp\/v2\/media\/2294"}],"wp:attachment":[{"href":"https:\/\/www.messinaoggi.it\/website\/wp-json\/wp\/v2\/media?parent=29785"}],"wp:term":[{"taxonomy":"category","embeddable":true,"href":"https:\/\/www.messinaoggi.it\/website\/wp-json\/wp\/v2\/categories?post=29785"},{"taxonomy":"post_tag","embeddable":true,"href":"https:\/\/www.messinaoggi.it\/website\/wp-json\/wp\/v2\/tags?post=29785"}],"curies":[{"name":"wp","href":"https:\/\/api.w.org\/{rel}","templated":true}]}}