{"id":29773,"date":"2019-02-22T10:08:49","date_gmt":"2019-02-22T09:08:49","guid":{"rendered":"http:\/\/www.messinaoggi.it\/website\/?p=29773"},"modified":"2019-02-22T10:08:49","modified_gmt":"2019-02-22T09:08:49","slug":"messina-incentro-domani-lo-start-del-carnevale-a-piazza-cairoli","status":"publish","type":"post","link":"https:\/\/www.messinaoggi.it\/website\/2019\/02\/22\/messina-incentro-domani-lo-start-del-carnevale-a-piazza-cairoli\/","title":{"rendered":"Messina Incentro, domani lo start del Carnevale a piazza Cairoli"},"content":{"rendered":"<p style=\"text-align: justify;\">Si apre domani, sabato 23 febbraio 2019, il \u201cCarnevale a Piazza Cairoli\u201d, evento promosso dall\u2019associazione dei commercianti Messina Incentro, con la collaborazione della \u201cBlue Sea InSicily\u201d e il patrocinio del Comune di Messina e del Cus Messina.<div id=\"div-gpt-ad-Messinaoggi.it-DSK-300x250-corpoart\" style=\"text-align:center;margin:0 auto;\"><\/div><\/p>\n<p style=\"text-align: justify;\">Alla cerimonia di inaugurazione, che si terr\u00e0 sul palco allestito a piazza Cairoli, interverranno il sindaco di Messina, On. <strong>Cateno De Luca<\/strong>, l\u2019assessore comunale agli spettacoli, <strong>Pippo Scattareggia<\/strong>, il presidente di Messina Incentro, <strong>Pasquale Amante Santoro<\/strong>, il rappresentante della \u201cMessina Sea InSicily\u201d, <strong>Giuseppe D\u2019Angelo<\/strong>, il direttore artistico <strong>Teresa Impollonia<\/strong>, nonch\u00e9 i rappresentati del Cus Messina e delle societ\u00e0 sportive cittadine che hanno aderito al progetto.<div id=\"videoincontent\" style=\"clear:both\";><\/div><\/p>\n<p style=\"text-align: justify;\">L\u2019iniziativa \u201cCarnevale a piazza Cairoli\u201d, resa possibile grazie al contributo di sponsor privati, si rivolge soprattutto ai pi\u00f9 piccoli e vedr\u00e0 anche il coinvolgimento degli atleti di Enti e societ\u00e0 sportive messinesi che si esibiranno in piazza.<\/p>\n<p style=\"text-align: justify;\">Domani si aprir\u00e0 anche la \u201cCasa di Giulia\u201d, all\u2019interno della quale si terranno dei laboratori creativi e saranno narrate fiabe.<\/p>\n<p style=\"text-align: justify;\">Il programma della serata prevede inoltre le esibizioni delle ballerine della scuola di danza \u201cLula\u201d, mentre per il canto si esibiranno gli allievi dell\u2019Ars Nova.<\/p>\n","protected":false},"excerpt":{"rendered":"<p>Si apre domani, sabato 23 febbraio 2019, il \u201cCarnevale a Piazza Cairoli\u201d, evento promosso dall\u2019associazione dei commercianti Messina Incentro, con la collaborazione della \u201cBlue Sea InSicily\u201d e il patrocinio del Comune di Messina e del Cus Messina. Alla cerimonia di inaugurazione, che si terr\u00e0 sul palco allestito a piazza Cairoli, interverranno il sindaco di Messina, [&hellip;]<\/p>\n","protected":false},"author":2,"featured_media":29635,"comment_status":"closed","ping_status":"open","sticky":false,"template":"","format":"standard","meta":{"ub_ctt_via":"","_mi_skip_tracking":false},"categories":[5],"tags":[],"featured_image_src":"https:\/\/www.messinaoggi.it\/website\/wp-content\/uploads\/2019\/02\/41D38E54-0E44-420E-B344-1DBE0020F3D6.jpeg","author_info":{"display_name":"Redazione","author_link":"https:\/\/www.messinaoggi.it\/website\/author\/redazione\/"},"digistream_id":0,"digistream":false,"_links":{"self":[{"href":"https:\/\/www.messinaoggi.it\/website\/wp-json\/wp\/v2\/posts\/29773"}],"collection":[{"href":"https:\/\/www.messinaoggi.it\/website\/wp-json\/wp\/v2\/posts"}],"about":[{"href":"https:\/\/www.messinaoggi.it\/website\/wp-json\/wp\/v2\/types\/post"}],"author":[{"embeddable":true,"href":"https:\/\/www.messinaoggi.it\/website\/wp-json\/wp\/v2\/users\/2"}],"replies":[{"embeddable":true,"href":"https:\/\/www.messinaoggi.it\/website\/wp-json\/wp\/v2\/comments?post=29773"}],"version-history":[{"count":0,"href":"https:\/\/www.messinaoggi.it\/website\/wp-json\/wp\/v2\/posts\/29773\/revisions"}],"wp:featuredmedia":[{"embeddable":true,"href":"https:\/\/www.messinaoggi.it\/website\/wp-json\/wp\/v2\/media\/29635"}],"wp:attachment":[{"href":"https:\/\/www.messinaoggi.it\/website\/wp-json\/wp\/v2\/media?parent=29773"}],"wp:term":[{"taxonomy":"category","embeddable":true,"href":"https:\/\/www.messinaoggi.it\/website\/wp-json\/wp\/v2\/categories?post=29773"},{"taxonomy":"post_tag","embeddable":true,"href":"https:\/\/www.messinaoggi.it\/website\/wp-json\/wp\/v2\/tags?post=29773"}],"curies":[{"name":"wp","href":"https:\/\/api.w.org\/{rel}","templated":true}]}}