{"id":29768,"date":"2019-02-22T09:30:00","date_gmt":"2019-02-22T08:30:00","guid":{"rendered":"http:\/\/www.messinaoggi.it\/website\/?p=29768"},"modified":"2019-02-22T09:30:00","modified_gmt":"2019-02-22T08:30:00","slug":"rinasce-a-messina-la-sezione-provinciale-dellistituto-per-la-storia-del-risorgimento","status":"publish","type":"post","link":"https:\/\/www.messinaoggi.it\/website\/2019\/02\/22\/rinasce-a-messina-la-sezione-provinciale-dellistituto-per-la-storia-del-risorgimento\/","title":{"rendered":"Rinasce a Messina la sezione provinciale dell&#039;Istituto per la Storia del Risorgimento"},"content":{"rendered":"<p class=\"s3\" style=\"text-align: justify;\">L\u2019aula Buccisano del Dipartimento di Scienze Politiche e Giuridiche dell\u2019Universit\u00e0 degli Studi di Messina, grazie all\u2019adesione di numerosi esponenti del mondo accademico messinese, ha ospitato la conferenza di ricostituzione della Sezione Provinciale dell\u2019Istituto per la Storia del Risorgimento Italiano.<div id=\"div-gpt-ad-Messinaoggi.it-DSK-300x250-corpoart\" style=\"text-align:center;margin:0 auto;\"><\/div><\/p>\n<p class=\"s3\" style=\"text-align: justify;\">Gradita \u00e8 stata l\u2019occasione per ricordare che, gi\u00e0 nel 1954 la Sezione provinciale &#8211; alla cui presidenza vi era il prof. Salvatore Schir\u00f2 &#8211; dava lustro al territorio della citt\u00e0 di Messina e alla sua storia, valorizzandoli attraverso contributi culturali, convegni, mostre documentarie e, in tempi pi\u00f9 recenti, con la rrealizzazione di \u201cmuseo on line\u201d, con l\u2019intento di delineare e approfondire la sostanziale e significativa partecipazione fornita alla causa risorgimentale.<div id=\"videoincontent\" style=\"clear:both\";><\/div><\/p>\n<p class=\"s3\" style=\"text-align: justify;\">In tale contesto, \u00e8 stata messa in rilievo la necessit\u00e0 di una revisione delle linee essenziali del tema del Risorgimento da inquadrare nella pi\u00f9 ampia eredit\u00e0 degli ideali della Rivoluzione francese e l\u2019importanza di un\u2019apertura alla societ\u00e0 civile ed, in particolar modo, alle scuole nonch\u00e9 l\u2019esigenza di un approccio pratico alla questione risorgimentale.<\/p>\n<p style=\"text-align: justify;\">Il Direttivo provinciale \u2013 costituito a seguito di elezioni nelle sue componenti dal prof. Salvatore Bottari, prof. Valerio Ciarocchi, prof.ssa Giovanna Lucia D\u2019Amico, dott.ssa Francesca Frisone, prof.ssa Daniela Novarese, prof.ssa Caterina Sindoni, prof.ssa Teresa Schir\u00f2 gi\u00e0 Presidente dello stesso Comitato e dal dott.Francesco Tigani \u2013 ha poi eletto il prof. Salvatore Bottari, Presidente della Sezione Provinciale dell\u2019Istituto per la Storia del Risorgimento Italiano, Vice Presidente la prof.ssa Caterina Sindoni e Segretario-Tesoriere la prof.ssa Francesca Frisone.<\/p>\n<p class=\"s3\" style=\"text-align: justify;\">Revisori dei conti sono stati eletti il prof. Antonino Baglio, il dott.Placido Curr\u00f2 e il prof. Angelo Corrado Savasta.<\/p>\n<p class=\"s3\" style=\"text-align: justify;\">Il neo- presidente professore Bottari \u2013 grazie alla disponibilit\u00e0 ottenuta dall\u2019interesse e dalla partecipazione dei numerosi accademici intervenuti per dare impluso all\u2019iniziativa \u2013 si dichiara soddisfatto per il rinnovato vigore con cui si riprende, dopo la fase di inattivit\u00e0, un percorso sicuramente costruttivo per la sezione di Messina.<\/p>\n<p style=\"text-align: right;\"><strong>Teresa Schir\u00f2<\/strong><\/p>\n","protected":false},"excerpt":{"rendered":"<p>L\u2019aula Buccisano del Dipartimento di Scienze Politiche e Giuridiche dell\u2019Universit\u00e0 degli Studi di Messina, grazie all\u2019adesione di numerosi esponenti del mondo accademico messinese, ha ospitato la conferenza di ricostituzione della Sezione Provinciale dell\u2019Istituto per la Storia del Risorgimento Italiano. Gradita \u00e8 stata l\u2019occasione per ricordare che, gi\u00e0 nel 1954 la Sezione provinciale &#8211; alla cui [&hellip;]<\/p>\n","protected":false},"author":2,"featured_media":29769,"comment_status":"closed","ping_status":"open","sticky":false,"template":"","format":"standard","meta":{"ub_ctt_via":"","_mi_skip_tracking":false},"categories":[16],"tags":[],"featured_image_src":"https:\/\/www.messinaoggi.it\/website\/wp-content\/uploads\/2019\/02\/PHOTO-2019-02-20-19-37-33.jpg","author_info":{"display_name":"Redazione","author_link":"https:\/\/www.messinaoggi.it\/website\/author\/redazione\/"},"digistream_id":0,"digistream":false,"_links":{"self":[{"href":"https:\/\/www.messinaoggi.it\/website\/wp-json\/wp\/v2\/posts\/29768"}],"collection":[{"href":"https:\/\/www.messinaoggi.it\/website\/wp-json\/wp\/v2\/posts"}],"about":[{"href":"https:\/\/www.messinaoggi.it\/website\/wp-json\/wp\/v2\/types\/post"}],"author":[{"embeddable":true,"href":"https:\/\/www.messinaoggi.it\/website\/wp-json\/wp\/v2\/users\/2"}],"replies":[{"embeddable":true,"href":"https:\/\/www.messinaoggi.it\/website\/wp-json\/wp\/v2\/comments?post=29768"}],"version-history":[{"count":0,"href":"https:\/\/www.messinaoggi.it\/website\/wp-json\/wp\/v2\/posts\/29768\/revisions"}],"wp:featuredmedia":[{"embeddable":true,"href":"https:\/\/www.messinaoggi.it\/website\/wp-json\/wp\/v2\/media\/29769"}],"wp:attachment":[{"href":"https:\/\/www.messinaoggi.it\/website\/wp-json\/wp\/v2\/media?parent=29768"}],"wp:term":[{"taxonomy":"category","embeddable":true,"href":"https:\/\/www.messinaoggi.it\/website\/wp-json\/wp\/v2\/categories?post=29768"},{"taxonomy":"post_tag","embeddable":true,"href":"https:\/\/www.messinaoggi.it\/website\/wp-json\/wp\/v2\/tags?post=29768"}],"curies":[{"name":"wp","href":"https:\/\/api.w.org\/{rel}","templated":true}]}}