{"id":29758,"date":"2019-02-21T17:36:37","date_gmt":"2019-02-21T16:36:37","guid":{"rendered":"http:\/\/www.messinaoggi.it\/website\/?p=29758"},"modified":"2019-02-21T17:36:37","modified_gmt":"2019-02-21T16:36:37","slug":"la-scuola-ricorda-il-pedagogista-catalfamo-nel-trentennale-della-sua-morte","status":"publish","type":"post","link":"https:\/\/www.messinaoggi.it\/website\/2019\/02\/21\/la-scuola-ricorda-il-pedagogista-catalfamo-nel-trentennale-della-sua-morte\/","title":{"rendered":"La scuola ricorda il pedagogista Catalfamo nel trentennale della sua morte"},"content":{"rendered":"<p class=\"p1\" style=\"text-align: justify;\"><span class=\"s1\">L\u2019Istituto Comprensivo \u201cGiuseppe Catalfamo\u201d ricorda nel giorno della sua morte, avvenuta il 22 febbraio 1989, l\u2019insigne pedagogista di cui porta il nome e celebra il 30\u00b0 anniversario della sua morte con l\u2019organizzazione, nel mese di aprile, di una giornata di riflessione sul pensiero pedagogico del Maestro e sui valori di cui Egli era convinto assertore.<\/span><div id=\"div-gpt-ad-Messinaoggi.it-DSK-300x250-corpoart\" style=\"text-align:center;margin:0 auto;\"><\/div><\/p>\n<p class=\"p1\" style=\"text-align: justify;\"><span class=\"s1\">In tale occasione verr\u00e0 presentato un annullo postale che riproduce l\u2019effige del Catalfamo.<\/span><div id=\"videoincontent\" style=\"clear:both\";><\/div><\/p>\n<p class=\"p1\" style=\"text-align: justify;\"><span class=\"s1\">Giuseppe Catalfamo nato a Catania il 5 Luglio 1921 muore a Messina il 22 febbraio 1989; la citt\u00e0 e la scuola tutta perde uno degli intellettuali pi\u00f9 illustri nel campo dell\u2019educazione e della riflessione pedagogica\u00a0 ed uno dei massimi esponenti del \u201c Personalismo Pedagogico\u201d.<\/span><\/p>\n<p class=\"p1\" style=\"text-align: justify;\"><span class=\"s1\">Docente ordinario presso il Magistero dell\u2019Universit\u00e0 di Messina, ove aveva vinto la cattedra nel 1962, a Lui \u00e8 da attribuire il merito di aver promosso nell\u2019ambito della stessa facolt\u00e0 l\u2019attivazione dell\u2019Istituto di Pedagogia (1963) e di aver fondato, assieme a Mario Manno, la rivista\u00a0 \u201cProspettive Pedagogiche\u201d, che aveva, fra l\u2019altro, il compito di prendere parte al dibattito pedagogico nazionale e di aver promosso la pubblicazione di una serie di collane con le maggiori case editrici del settore.<\/span><\/p>\n<p class=\"p1\" style=\"text-align: justify;\"><span class=\"s1\">Dai suoi numerosi scritti, di alto valore scientifico, emergono il suo <i>Umanesimo<\/i> e il suo <i>Credo<\/i>\u00a0 nella Pedagogia del \u201cPersonalismo storico\u201d.<\/span><\/p>\n<p class=\"p1\" style=\"text-align: justify;\"><span class=\"s1\">L\u2019idea di \u201cpersona\u201d, intesa come una monade le cui porte e le cui finestre sono aperte al mondo, nonostante le pi\u00f9 radicali critiche da pi\u00f9 parti mosse \u00e8 riuscita non solo a sopravvivere, ma a radicarsi sempre di pi\u00f9. Ne \u00e8 testimonianza tra l\u2019altro la scelta culturale ed educativa dell\u2019Istituto Comprensivo\u201d Giuseppe Catalfamo\u201d che ha posto il valore di e la centralit\u00e0 della stessa come fulcro del processo educativo e dell\u2019azione <i>persona<\/i> didattica quotidiana, ponendosi in continuit\u00e0 con quell\u2019Idea dell\u2019Educazione tesa verso la formazione integrale della persona.<\/span><\/p>\n<p class=\"p1\" style=\"text-align: justify;\"><span class=\"s1\">Accanto a un Catalfamo \u201cPedagogista\u201d, \u201cPensatore cattedratico\u201d \u00e8 possibile ritrovare un Catalfamo \u201cconfidenziale\u201d, \u201cpopolare\u201d che incarna la vocazione magistrale di Maestro insuperabile nell\u2019arte del comunicare; un Catalfamo che affida la divulgazione delle sue idee alle pagine della <i>Gazzetta del Sud<\/i>, di cui \u00e8 stato assiduo e prestigioso collaboratore dal 1974 al 1989, anno della sua morte.<\/span><\/p>\n<p class=\"p1\" style=\"text-align: justify;\"><span class=\"s1\">Di quanto detto sono testimoni i numerosi articoli i quali affrontano i problemi dei giovani, della famiglia, della politica, della legalit\u00e0 e della lotta alla mafia; la sottintesa prospettiva educativa conduce il Catalfamo ad una particolare considerazione dei primi soggetti dell\u2019educazione: i bambini e i giovani.<\/span><\/p>\n","protected":false},"excerpt":{"rendered":"<p>L\u2019Istituto Comprensivo \u201cGiuseppe Catalfamo\u201d ricorda nel giorno della sua morte, avvenuta il 22 febbraio 1989, l\u2019insigne pedagogista di cui porta il nome e celebra il 30\u00b0 anniversario della sua morte con l\u2019organizzazione, nel mese di aprile, di una giornata di riflessione sul pensiero pedagogico del Maestro e sui valori di cui Egli era convinto assertore. [&hellip;]<\/p>\n","protected":false},"author":2,"featured_media":29759,"comment_status":"closed","ping_status":"open","sticky":false,"template":"","format":"standard","meta":{"ub_ctt_via":"","_mi_skip_tracking":false},"categories":[7],"tags":[],"featured_image_src":"https:\/\/www.messinaoggi.it\/website\/wp-content\/uploads\/2019\/02\/IMG-20190217-WA0070-180x196-1.jpg","author_info":{"display_name":"Redazione","author_link":"https:\/\/www.messinaoggi.it\/website\/author\/redazione\/"},"digistream_id":0,"digistream":false,"_links":{"self":[{"href":"https:\/\/www.messinaoggi.it\/website\/wp-json\/wp\/v2\/posts\/29758"}],"collection":[{"href":"https:\/\/www.messinaoggi.it\/website\/wp-json\/wp\/v2\/posts"}],"about":[{"href":"https:\/\/www.messinaoggi.it\/website\/wp-json\/wp\/v2\/types\/post"}],"author":[{"embeddable":true,"href":"https:\/\/www.messinaoggi.it\/website\/wp-json\/wp\/v2\/users\/2"}],"replies":[{"embeddable":true,"href":"https:\/\/www.messinaoggi.it\/website\/wp-json\/wp\/v2\/comments?post=29758"}],"version-history":[{"count":0,"href":"https:\/\/www.messinaoggi.it\/website\/wp-json\/wp\/v2\/posts\/29758\/revisions"}],"wp:featuredmedia":[{"embeddable":true,"href":"https:\/\/www.messinaoggi.it\/website\/wp-json\/wp\/v2\/media\/29759"}],"wp:attachment":[{"href":"https:\/\/www.messinaoggi.it\/website\/wp-json\/wp\/v2\/media?parent=29758"}],"wp:term":[{"taxonomy":"category","embeddable":true,"href":"https:\/\/www.messinaoggi.it\/website\/wp-json\/wp\/v2\/categories?post=29758"},{"taxonomy":"post_tag","embeddable":true,"href":"https:\/\/www.messinaoggi.it\/website\/wp-json\/wp\/v2\/tags?post=29758"}],"curies":[{"name":"wp","href":"https:\/\/api.w.org\/{rel}","templated":true}]}}