{"id":29707,"date":"2019-02-20T09:50:29","date_gmt":"2019-02-20T08:50:29","guid":{"rendered":"http:\/\/www.messinaoggi.it\/website\/?p=29707"},"modified":"2019-02-20T09:50:29","modified_gmt":"2019-02-20T08:50:29","slug":"precari-asu-i-sindacati-sul-piede-di-guerra-proclamiamo-lo-sciopero","status":"publish","type":"post","link":"https:\/\/www.messinaoggi.it\/website\/2019\/02\/20\/precari-asu-i-sindacati-sul-piede-di-guerra-proclamiamo-lo-sciopero\/","title":{"rendered":"Precari Asu, i sindacati sul piede di guerra: &quot;Proclamiamo lo sciopero&quot;"},"content":{"rendered":"<p lang=\"it-IT\">\u201c<span style=\"font-family: Arial, sans-serif;\"><em>I 5 mila lavoratori Asu siciliani si sentono umiliati dal Governo Musumeci: ancora una volta gli emendamenti presentati per la stabilizzazione, anche e soprattutto dalla stessa coalizione di maggioranza, sono stati stralciati prima di arrivare in Aula. Per questo abbiamo deciso di proclamare, a partire dal 26 febbraio, tre giorni di sciopero<\/em>\u201d. Cos\u00ec\u00a0<\/span><span style=\"font-family: Arial, sans-serif;\">i dirigenti sindacali di Ale Ugl, Confintesa, Sinalp, Cub e Alba, dichiarando dunque guerra all&#8217;esecutivo regionale, in quanto ritenuto responsabile di esser venuto meno ad una fondamentale promessa: quella di stabilizzare i precari impiegati per Attivit\u00e0 socialmente utili (Asu).<\/span><div id=\"div-gpt-ad-Messinaoggi.it-DSK-300x250-corpoart\" style=\"text-align:center;margin:0 auto;\"><\/div><\/p>\n<p lang=\"it-IT\">\u201c<span style=\"font-family: Arial, sans-serif;\"><em>Un comportamento offensivo<\/em> \u2013 spiegano \u2013<em> perch\u00e9 si tratta di norme che avrebbero completato l&#8217;iter legislativo della legge 8\/2017, portando i lavoratori alla stabilizzazione e lasciando i saldi di finanza pubblica invariati. Quindi senza nessuna spesa in pi\u00f9 per la Regione<\/em>\u201d.<\/span><div id=\"videoincontent\" style=\"clear:both\";><\/div><\/p>\n<p lang=\"it-IT\">\u201c<span style=\"font-family: Arial, sans-serif;\"><em>Avremmo voluto chiedere il perch\u00e9 al presidente Musumeci<\/em> \u2013 continuano \u2013<em> ma ci evita in tutti i modi. A lui vorremmo chiedere: perch\u00e9 il governo siciliano parla di legalit\u00e0 e poi non applica le leggi sulla stabilizzazione degli Asu; perch\u00e9 i dirigenti di sua fiducia, invece, applicano giustamente la legge sulla ricollocazione dei lavoratori in esubero per tutte le categorie, ma sbagliando escludono gli Asu; perch\u00e9 quando si parla della stabilizzazione di questi lavoratori si utilizza la scusa delle difficolt\u00e0 di bilancio, mentre per altre categorie si trovano le risorse aggiuntive<\/em>\u201d.<\/span><\/p>\n<p lang=\"it-IT\">\u201c<span style=\"font-family: Arial, sans-serif;\"><em>Eppure<\/em> \u2013 aggiungono \u2013<em> senza il lavoro degli Asu gli enti locali della Sicilia andrebbero in tilt, perch\u00e9 non sarebbero pi\u00f9 nelle condizioni di garantire gran parte dei servizi che oggi vengono erogati ai cittadini e alle imprese. Anche sui pagamenti delle indennit\u00e0 la Regione non ha posto la dovuta attenzione, nonostante si sapesse da mesi che l&#8217;Inps non avrebbe pi\u00f9 svolto il servizio. Sono state messe in atto soluzioni improvvisate ed il risultato \u00e8 che ancora oggi ci sono lavoratori che devono percepire le mensilit\u00e0 del 2018, compresi gli assegni nucleo familiare. Per non parlare di quelle del 2019<\/em>\u201d.<\/span><\/p>\n<p lang=\"it-IT\">\u201c<span style=\"font-family: Arial, sans-serif;\"><em>Riconosciamo<\/em> \u2013 concludono \u2013<em> l\u2019impegno profuso a nostro sostegno dal primo firmatario del ddl per la stabilizzazione degli Asu, onorevole Calderone, e dagli altri sottoscrittori (onorevoli Lo Curto, Cannata, ecc.) e ci auspichiamo che si faccia ancora di pi\u00f9 perch\u00e9 sia approvato dal Parlamento. Il provvedimento, infatti, giace immobile all\u2019Ars da pi\u00f9 di un anno. Facciamo appello a tutti gli amministratori degli enti utilizzatori e a tutti i deputati regionali, di maggioranza e opposizione, affinch\u00e9 siano al fianco dei lavoratori in quella che deve essere una battaglia di civilt\u00e0 e di legittimit\u00e0. Ai lavoratori deve essere riconosciuto ci\u00f2 che gi\u00e0 fanno da circa 22 anni, stabilizzandoli<\/em>\u201d.<\/span><\/p>\n","protected":false},"excerpt":{"rendered":"<p>\u201cI 5 mila lavoratori Asu siciliani si sentono umiliati dal Governo Musumeci: ancora una volta gli emendamenti presentati per la stabilizzazione, anche e soprattutto dalla stessa coalizione di maggioranza, sono stati stralciati prima di arrivare in Aula. Per questo abbiamo deciso di proclamare, a partire dal 26 febbraio, tre giorni di sciopero\u201d. Cos\u00ec\u00a0i dirigenti sindacali [&hellip;]<\/p>\n","protected":false},"author":8,"featured_media":29708,"comment_status":"closed","ping_status":"open","sticky":false,"template":"","format":"standard","meta":{"ub_ctt_via":"","_mi_skip_tracking":false},"categories":[11],"tags":[],"featured_image_src":"https:\/\/www.messinaoggi.it\/website\/wp-content\/uploads\/2019\/02\/Lavoratori-Asu.jpg","author_info":{"display_name":"red..me","author_link":"https:\/\/www.messinaoggi.it\/website\/author\/redstage\/"},"digistream_id":0,"digistream":false,"_links":{"self":[{"href":"https:\/\/www.messinaoggi.it\/website\/wp-json\/wp\/v2\/posts\/29707"}],"collection":[{"href":"https:\/\/www.messinaoggi.it\/website\/wp-json\/wp\/v2\/posts"}],"about":[{"href":"https:\/\/www.messinaoggi.it\/website\/wp-json\/wp\/v2\/types\/post"}],"author":[{"embeddable":true,"href":"https:\/\/www.messinaoggi.it\/website\/wp-json\/wp\/v2\/users\/8"}],"replies":[{"embeddable":true,"href":"https:\/\/www.messinaoggi.it\/website\/wp-json\/wp\/v2\/comments?post=29707"}],"version-history":[{"count":0,"href":"https:\/\/www.messinaoggi.it\/website\/wp-json\/wp\/v2\/posts\/29707\/revisions"}],"wp:featuredmedia":[{"embeddable":true,"href":"https:\/\/www.messinaoggi.it\/website\/wp-json\/wp\/v2\/media\/29708"}],"wp:attachment":[{"href":"https:\/\/www.messinaoggi.it\/website\/wp-json\/wp\/v2\/media?parent=29707"}],"wp:term":[{"taxonomy":"category","embeddable":true,"href":"https:\/\/www.messinaoggi.it\/website\/wp-json\/wp\/v2\/categories?post=29707"},{"taxonomy":"post_tag","embeddable":true,"href":"https:\/\/www.messinaoggi.it\/website\/wp-json\/wp\/v2\/tags?post=29707"}],"curies":[{"name":"wp","href":"https:\/\/api.w.org\/{rel}","templated":true}]}}