{"id":29663,"date":"2019-02-19T08:02:52","date_gmt":"2019-02-19T07:02:52","guid":{"rendered":"http:\/\/www.messinaoggi.it\/website\/?p=29663"},"modified":"2019-02-19T08:02:52","modified_gmt":"2019-02-19T07:02:52","slug":"da-messina-a-fontanarossa-in-treno-la-scommessa-del-governo-musumeci","status":"publish","type":"post","link":"https:\/\/www.messinaoggi.it\/website\/2019\/02\/19\/da-messina-a-fontanarossa-in-treno-la-scommessa-del-governo-musumeci\/","title":{"rendered":"Da Messina a Fontanarossa in treno, la scommessa del governo Musumeci"},"content":{"rendered":"<p style=\"text-align: justify;\">Entro la prima met\u00e0 del 2020 l&#8217;aeroporto di Catania sar\u00e0 dotato di una stazione ferroviaria. Si tratta dell&#8217;impegno preso da Rete ferroviaria italiana durante la visita del presidente della Regione, Nello Musumeci, al cantiere dell&#8217;opera. Erano presenti anche l&#8217;assessore regionale alle Infrastrutture, Marco Falcone, il sindaco di Catania Salvo Pogliese, l&#8217;ad Sac, societ\u00e0 di gestione dello scalo etneo, Nico Torrisi, e il capo della direzione Territoriale produzione Palermo di Rfi, Michele Lagan\u00e0.<div id=\"div-gpt-ad-Messinaoggi.it-DSK-300x250-corpoart\" style=\"text-align:center;margin:0 auto;\"><\/div><\/p>\n<p style=\"text-align: justify;\">La stazione &#8216;Catania Aeroporto&#8217;, dal costo di oltre tre milioni a carico di Rfi, vedr\u00e0 la luce all&#8217;altezza del km 235+522 della linea Messina-Catania Bicocca gi\u00e0 esistente. L&#8217;opera sorger\u00e0 a poche centinaia di metri in linea d&#8217;aria dall&#8217;aerostazione, su un terreno ceduto dal ministero della Difesa alla Sac. La Sac si occuper\u00e0 delle navette e della realizzazione di una bretella di collegamento. In seguito sar\u00e0 costruito una galleria sopraelevata per il collegamento pedonale tra stazione e aeroporto. &#8220;Il potenziamento dell&#8217;aeroporto di Catania attraverso il servizio ferroviario &#8211; ha detto Musumeci &#8211; ci sembra un&#8217;opera necessaria. In pochi minuti, dalla futura stazione, si potr\u00e0 raggiungere l&#8217;aeroporto. Accanto a questo, stiamo pensando al potenziamento della ferrovia Catania-Palermo. Abbiamo chiesto a Rfi, purtroppo assente per molti anni dalla Sicilia, di metterci tanta buona volont\u00e0 e di accorciare i tempi. I cantieri in Sicilia devono durare esattamente quanto durano nel nord Italia, non possiamo sopportare anche su questo l&#8217;esistenza di un&#8217;Italia a due velocit\u00e0&#8221;.<div id=\"videoincontent\" style=\"clear:both\";><\/div><\/p>\n","protected":false},"excerpt":{"rendered":"<p>Entro la prima met\u00e0 del 2020 l&#8217;aeroporto di Catania sar\u00e0 dotato di una stazione ferroviaria. Si tratta dell&#8217;impegno preso da Rete ferroviaria italiana durante la visita del presidente della Regione, Nello Musumeci, al cantiere dell&#8217;opera. Erano presenti anche l&#8217;assessore regionale alle Infrastrutture, Marco Falcone, il sindaco di Catania Salvo Pogliese, l&#8217;ad Sac, societ\u00e0 di gestione [&hellip;]<\/p>\n","protected":false},"author":2,"featured_media":17557,"comment_status":"closed","ping_status":"open","sticky":false,"template":"","format":"standard","meta":{"ub_ctt_via":"","_mi_skip_tracking":false},"categories":[5],"tags":[],"featured_image_src":"https:\/\/www.messinaoggi.it\/website\/wp-content\/uploads\/2018\/03\/stazione-Fs-messina-centrale-treno-1.jpg","author_info":{"display_name":"Redazione","author_link":"https:\/\/www.messinaoggi.it\/website\/author\/redazione\/"},"digistream_id":0,"digistream":false,"_links":{"self":[{"href":"https:\/\/www.messinaoggi.it\/website\/wp-json\/wp\/v2\/posts\/29663"}],"collection":[{"href":"https:\/\/www.messinaoggi.it\/website\/wp-json\/wp\/v2\/posts"}],"about":[{"href":"https:\/\/www.messinaoggi.it\/website\/wp-json\/wp\/v2\/types\/post"}],"author":[{"embeddable":true,"href":"https:\/\/www.messinaoggi.it\/website\/wp-json\/wp\/v2\/users\/2"}],"replies":[{"embeddable":true,"href":"https:\/\/www.messinaoggi.it\/website\/wp-json\/wp\/v2\/comments?post=29663"}],"version-history":[{"count":0,"href":"https:\/\/www.messinaoggi.it\/website\/wp-json\/wp\/v2\/posts\/29663\/revisions"}],"wp:featuredmedia":[{"embeddable":true,"href":"https:\/\/www.messinaoggi.it\/website\/wp-json\/wp\/v2\/media\/17557"}],"wp:attachment":[{"href":"https:\/\/www.messinaoggi.it\/website\/wp-json\/wp\/v2\/media?parent=29663"}],"wp:term":[{"taxonomy":"category","embeddable":true,"href":"https:\/\/www.messinaoggi.it\/website\/wp-json\/wp\/v2\/categories?post=29663"},{"taxonomy":"post_tag","embeddable":true,"href":"https:\/\/www.messinaoggi.it\/website\/wp-json\/wp\/v2\/tags?post=29663"}],"curies":[{"name":"wp","href":"https:\/\/api.w.org\/{rel}","templated":true}]}}