{"id":29648,"date":"2019-02-18T17:11:24","date_gmt":"2019-02-18T16:11:24","guid":{"rendered":"http:\/\/www.messinaoggi.it\/website\/?p=29648"},"modified":"2019-02-18T17:11:24","modified_gmt":"2019-02-18T16:11:24","slug":"laimo-il-v-quartiere-flagellato-dai-lavori-per-la-fibra-ottica-situazione-insostenibile-e-vergognosa","status":"publish","type":"post","link":"https:\/\/www.messinaoggi.it\/website\/2019\/02\/18\/laimo-il-v-quartiere-flagellato-dai-lavori-per-la-fibra-ottica-situazione-insostenibile-e-vergognosa\/","title":{"rendered":"Laimo: &quot;Il V Quartiere flagellato dai lavori per la fibra ottica, situazione insostenibile e vergognosa&quot;"},"content":{"rendered":"<div id=\"yMail_cursorElementTracker_1550495792930\">&#8220;Il territorio della V Circoscrizione si \u00e8 ritrovato letteralmente\u00a0 flagellato dai lavori della fibra ottica ad opera di alcune compagnie telefoniche: tantissimi i disagi con lunghe code di automobili, manto stradale ancor pi\u00f9 rovinato ed in alcuni casi anche tubazioni danneggiate di gas o approvvigionamento idrico&#8221;: la denuncia arriva\u00a0dal consigliere della V Circoscrizione, Franco Laimo. Secondo il rappresentante del civico consesso non vi sono adeguati controlli su taluni lavori e perdipi\u00f9 la viabilit\u00e0 non \u00e8 supportata adeguatamente dall&#8217;ausilio di vigili urbani.<\/div>\n<div><\/div>\n<div>I lavori vengono fatti ad orari assolutamente proibitivi per il regolare flusso veicolare creando immani disagi alla\u00a0 collettivit\u00e0. In tilt viale Regina Elena con ripercussioni a catena sul viale Annunziata, sulla Nuova Panoramica ed in parte del viale Giostra.<\/div>\n<div><\/div>\n<div>Momenti difficili &#8211; racconta Laimo &#8211; anche durante il passaggio di un&#8217;ambulanza che ha rischiato di rimanere bloccata nel traffico. Mediante il cosiddetto Decreto Scavi, queste compagnie\u00a0 hanno la facolt\u00e0 di effettuare tali tipi di lavori senza dover dare un adeguato preavviso n\u00e8 all&#8217;Amministrazione comunale, che al dipartimento interessato, rendendo passiva l&#8217;intera citt\u00e0. Ma chi controlla chi? \u00c8 possibile restare inermi a tutto ci\u00f2?&#8221;<\/div>\n<div><\/div>\n<div>Laimo segnala &#8220;le precarie condizioni del manto stradale del viale Regina Elena, che necessita di un urgente ed improcrastinabile manutenzione ed intero rifacimento, ritenendolo &#8220;vergognoso e quasi impraticabile&#8221;, soprattutto nel tratto fra la clinica Cappellani e l&#8217;ex Cus; occorre intervenire immediatamente senza aspettare futuri ed incerti bandi di gara. Da oltre un ventennio l&#8217;importante e frequentatissima arteria non viene ribitumata&#8221;.<\/div>\n<div id=\"yMail_cursorElementTracker_1550496769523\"><\/div>\n<div id=\"div-gpt-ad-Messinaoggi.it-DSK-300x250-corpoart\" style=\"text-align:center;margin:0 auto;\"><\/div><\/p><div id=\"videoincontent\" style=\"clear:both\";><\/div>","protected":false},"excerpt":{"rendered":"<p>&#8220;Il territorio della V Circoscrizione si \u00e8 ritrovato letteralmente\u00a0 flagellato dai lavori della fibra ottica ad opera di alcune compagnie telefoniche: tantissimi i disagi con lunghe code di automobili, manto stradale ancor pi\u00f9 rovinato ed in alcuni casi anche tubazioni danneggiate di gas o approvvigionamento idrico&#8221;: la denuncia arriva\u00a0dal consigliere della V Circoscrizione, Franco Laimo. [&hellip;]<\/p>\n","protected":false},"author":4,"featured_media":29649,"comment_status":"closed","ping_status":"open","sticky":false,"template":"","format":"standard","meta":{"ub_ctt_via":"","_mi_skip_tracking":false},"categories":[5],"tags":[],"featured_image_src":"https:\/\/www.messinaoggi.it\/website\/wp-content\/uploads\/2019\/02\/fibra-ottica-laimo-segnala-disagi.jpg","author_info":{"display_name":"redme","author_link":"https:\/\/www.messinaoggi.it\/website\/author\/redme\/"},"digistream_id":0,"digistream":false,"_links":{"self":[{"href":"https:\/\/www.messinaoggi.it\/website\/wp-json\/wp\/v2\/posts\/29648"}],"collection":[{"href":"https:\/\/www.messinaoggi.it\/website\/wp-json\/wp\/v2\/posts"}],"about":[{"href":"https:\/\/www.messinaoggi.it\/website\/wp-json\/wp\/v2\/types\/post"}],"author":[{"embeddable":true,"href":"https:\/\/www.messinaoggi.it\/website\/wp-json\/wp\/v2\/users\/4"}],"replies":[{"embeddable":true,"href":"https:\/\/www.messinaoggi.it\/website\/wp-json\/wp\/v2\/comments?post=29648"}],"version-history":[{"count":0,"href":"https:\/\/www.messinaoggi.it\/website\/wp-json\/wp\/v2\/posts\/29648\/revisions"}],"wp:featuredmedia":[{"embeddable":true,"href":"https:\/\/www.messinaoggi.it\/website\/wp-json\/wp\/v2\/media\/29649"}],"wp:attachment":[{"href":"https:\/\/www.messinaoggi.it\/website\/wp-json\/wp\/v2\/media?parent=29648"}],"wp:term":[{"taxonomy":"category","embeddable":true,"href":"https:\/\/www.messinaoggi.it\/website\/wp-json\/wp\/v2\/categories?post=29648"},{"taxonomy":"post_tag","embeddable":true,"href":"https:\/\/www.messinaoggi.it\/website\/wp-json\/wp\/v2\/tags?post=29648"}],"curies":[{"name":"wp","href":"https:\/\/api.w.org\/{rel}","templated":true}]}}