{"id":29643,"date":"2019-02-18T15:42:53","date_gmt":"2019-02-18T14:42:53","guid":{"rendered":"http:\/\/www.messinaoggi.it\/website\/?p=29643"},"modified":"2019-02-18T15:42:53","modified_gmt":"2019-02-18T14:42:53","slug":"ex-province-si-apre-uno-spiraglio-grazie-ad-un-disegno-di-legge-di-germana","status":"publish","type":"post","link":"https:\/\/www.messinaoggi.it\/website\/2019\/02\/18\/ex-province-si-apre-uno-spiraglio-grazie-ad-un-disegno-di-legge-di-germana\/","title":{"rendered":"Ex Province, si apre uno spiraglio grazie ad un Disegno di Legge di German\u00e0"},"content":{"rendered":"<p style=\"text-align: justify;\">Ex province, Musumeci convoca i Parlamentari nazionali,<strong> German\u00e0 <\/strong>e\u00a0<strong>Siracusano<\/strong>. &#8220;<em>Riuniove proficua e tempestiva &#8211; ha detto l&#8217;on. Nino German\u00e0 &#8211; ringrazio il governatore Musumeci per avere convocato questo incontro che riguarda tutte le ex Province Siciliane al di l\u00e0 del colore politico e degli interessi di partito. I problemi sono stati centrati, in modo particolare quello del prelievo forzoso, dal momento che ho presentato un disegno di legge che prevede l&#8217;abolizione di questo prelievo. Ieri ho saputo che il disegno di legge \u00e8 stato calendarizzato ed \u00e8 stato assegnato anche il relatore che \u00e8 un parlamentare della Lega. Auspichiamo la massima condivisione e manifesto la mia disponibilit\u00e0 per emendarlo. Mi auguro che vi sia una decretazione d&#8217;urgenza&#8221;<\/em><div id=\"div-gpt-ad-Messinaoggi.it-DSK-300x250-corpoart\" style=\"text-align:center;margin:0 auto;\"><\/div><\/p>\n<p style=\"text-align: justify;\"><img loading=\"lazy\" class=\"size-medium wp-image-29640 alignright\" src=\"http:\/\/www.messinaoggi.it\/website\/wp-content\/uploads\/2019\/02\/CC68589D-A154-4CFF-AB2D-1FA4B1E965BB-300x169.jpeg\" alt=\"\" width=\"300\" height=\"169\" \/><div id=\"videoincontent\" style=\"clear:both\";><\/div><\/p>\n<p style=\"text-align: justify;\">All&#8217;incontro di oggi era presente anche la deputata Matitlde Siracusano. &#8220;<em>Il Governo nazionale si \u00e8 dunque impegnato a risolvere il problema delle ex province&#8221;. A riferirlo \u00e8 la deputata di Forza Italia, on. Matilde Siracusano, a seguito nell&#8217;incontro di oggi presso la sede della Presidenza della Regione Siciliana, voluto dal Governatore Musumeci, insieme alle sigle sindacali e la deputazione nazionale eletta in Sicilia. Il positivo intento che raccolgo in questa sede &#8211; conclude Siracusano &#8211; onde evitare contraddizioni che spesso si verificano a Roma, deve essere di buon auspicio per accogliere la proposta di legge presentata da Forza Italia, composta da un solo articolo, che cancella il prelievo forzoso e avviare la procedura d&#8217;urgenza. Solo cos\u00ec le ex province possono tornare a erogare quantomeno i servizi essenziali e scongiurare il dissesto finanziario<\/em>&#8220;.<\/p>\n","protected":false},"excerpt":{"rendered":"<p>Ex province, Musumeci convoca i Parlamentari nazionali, German\u00e0 e\u00a0Siracusano. &#8220;Riuniove proficua e tempestiva &#8211; ha detto l&#8217;on. Nino German\u00e0 &#8211; ringrazio il governatore Musumeci per avere convocato questo incontro che riguarda tutte le ex Province Siciliane al di l\u00e0 del colore politico e degli interessi di partito. I problemi sono stati centrati, in modo particolare [&hellip;]<\/p>\n","protected":false},"author":2,"featured_media":29641,"comment_status":"closed","ping_status":"open","sticky":false,"template":"","format":"standard","meta":{"ub_ctt_via":"","_mi_skip_tracking":false},"categories":[11],"tags":[],"featured_image_src":"https:\/\/www.messinaoggi.it\/website\/wp-content\/uploads\/2019\/02\/83FB42D7-6CBF-4832-9047-9A6DFB0493DD.jpeg","author_info":{"display_name":"Redazione","author_link":"https:\/\/www.messinaoggi.it\/website\/author\/redazione\/"},"digistream_id":0,"digistream":false,"_links":{"self":[{"href":"https:\/\/www.messinaoggi.it\/website\/wp-json\/wp\/v2\/posts\/29643"}],"collection":[{"href":"https:\/\/www.messinaoggi.it\/website\/wp-json\/wp\/v2\/posts"}],"about":[{"href":"https:\/\/www.messinaoggi.it\/website\/wp-json\/wp\/v2\/types\/post"}],"author":[{"embeddable":true,"href":"https:\/\/www.messinaoggi.it\/website\/wp-json\/wp\/v2\/users\/2"}],"replies":[{"embeddable":true,"href":"https:\/\/www.messinaoggi.it\/website\/wp-json\/wp\/v2\/comments?post=29643"}],"version-history":[{"count":0,"href":"https:\/\/www.messinaoggi.it\/website\/wp-json\/wp\/v2\/posts\/29643\/revisions"}],"wp:featuredmedia":[{"embeddable":true,"href":"https:\/\/www.messinaoggi.it\/website\/wp-json\/wp\/v2\/media\/29641"}],"wp:attachment":[{"href":"https:\/\/www.messinaoggi.it\/website\/wp-json\/wp\/v2\/media?parent=29643"}],"wp:term":[{"taxonomy":"category","embeddable":true,"href":"https:\/\/www.messinaoggi.it\/website\/wp-json\/wp\/v2\/categories?post=29643"},{"taxonomy":"post_tag","embeddable":true,"href":"https:\/\/www.messinaoggi.it\/website\/wp-json\/wp\/v2\/tags?post=29643"}],"curies":[{"name":"wp","href":"https:\/\/api.w.org\/{rel}","templated":true}]}}