{"id":29619,"date":"2019-02-18T08:36:02","date_gmt":"2019-02-18T07:36:02","guid":{"rendered":"http:\/\/www.messinaoggi.it\/website\/?p=29619"},"modified":"2019-02-18T08:36:02","modified_gmt":"2019-02-18T07:36:02","slug":"aperta-gulfood-a-dubai-ce-anche-la-caffe-barbera","status":"publish","type":"post","link":"https:\/\/www.messinaoggi.it\/website\/2019\/02\/18\/aperta-gulfood-a-dubai-ce-anche-la-caffe-barbera\/","title":{"rendered":"Aperta &quot;Gulfood&quot; a Dubai, c&#039;\u00e8 anche la Caff\u00e8 Barbera"},"content":{"rendered":"<p style=\"text-align: justify;\">Caff\u00e8 Barbera \u00e8 presente alla 24esima edizione di Gulfood, la pi\u00f9 importante fiera del food and beverage al mondo, che si tiene a Dubai fino al 21 febbraio.<div id=\"div-gpt-ad-Messinaoggi.it-DSK-300x250-corpoart\" style=\"text-align:center;margin:0 auto;\"><\/div><\/p>\n<p style=\"text-align: justify;\"><strong>La grande fiera al Dubai World Trade Center<\/strong><br \/>\nGulfood \u00e8 il pi\u00f9 grande evento mondiale dedicato all\u2019industria del food and beverage. Si svolge nell\u2019immenso Dubai World Trade Center, su un\u2019area di circa 1 milione di metri quadrati. I numeri sono eccezionali: oltre 5mila espositori, 120 padiglioni, 98mila partecipanti attesi da 193 nazioni. La kermesse \u00e8 davvero unica perch\u00e8 capace di collegare ogni aspetto della catena globale di approvvigionamento alimentare.<div id=\"videoincontent\" style=\"clear:both\";><\/div><\/p>\n<p style=\"text-align: justify;\"><strong>I settori oggetto del Gulfood<\/strong><br \/>\nSono otto i settori interessati da questa fiera. Nello specifico: bevande; latte; grassi e olio; salute, benessere e \u201cfree form\u201d (alimenti senza alcuni ingredienti); carne e pollame; power brands; legumi, grani e cereali; world food. Il mondo del food and beverage, dunque, si ritrover\u00e0 in questa immensa area, nella quale si terranno incontri, dibattiti, competizioni tra chef e tanto altro. Un\u2019occasione unica per chiunque potr\u00e0 partecipare.<\/p>\n<p style=\"text-align: justify;\"><strong>La prima volta di Caff\u00e8 Barbera<\/strong><br \/>\nQuest\u2019anno, Caff\u00e8 Barbera sar\u00e0 presente presso il padiglione Za\u2019abeel Hall 6, nello stand Z6-E15. Un\u2019occasione prestigiosa per poter incontrare clienti e distributori, offrire il nostro caff\u00e8 (espresso e filtro) ed esporre i nostri prodotti. Ma Gulfood offre anche l\u2019opportunit\u00e0 di dare informazioni su prodotti e azienda, e per intavolare trattative in un Paese nel quale l\u2019espresso italiano \u00e8 in crescita. Una prima volta molto importante che \u00e8 il segno di come Caff\u00e8 Barbera sia sempre pi\u00f9 presente nel panorama internazionale del settore.<\/p>\n","protected":false},"excerpt":{"rendered":"<p>Caff\u00e8 Barbera \u00e8 presente alla 24esima edizione di Gulfood, la pi\u00f9 importante fiera del food and beverage al mondo, che si tiene a Dubai fino al 21 febbraio. La grande fiera al Dubai World Trade Center Gulfood \u00e8 il pi\u00f9 grande evento mondiale dedicato all\u2019industria del food and beverage. Si svolge nell\u2019immenso Dubai World Trade [&hellip;]<\/p>\n","protected":false},"author":2,"featured_media":29620,"comment_status":"closed","ping_status":"open","sticky":false,"template":"","format":"standard","meta":{"ub_ctt_via":"","_mi_skip_tracking":false},"categories":[5],"tags":[],"featured_image_src":"https:\/\/www.messinaoggi.it\/website\/wp-content\/uploads\/2019\/02\/52782428_2658443484182754_8419394282628055040_n.jpg","author_info":{"display_name":"Redazione","author_link":"https:\/\/www.messinaoggi.it\/website\/author\/redazione\/"},"digistream_id":0,"digistream":false,"_links":{"self":[{"href":"https:\/\/www.messinaoggi.it\/website\/wp-json\/wp\/v2\/posts\/29619"}],"collection":[{"href":"https:\/\/www.messinaoggi.it\/website\/wp-json\/wp\/v2\/posts"}],"about":[{"href":"https:\/\/www.messinaoggi.it\/website\/wp-json\/wp\/v2\/types\/post"}],"author":[{"embeddable":true,"href":"https:\/\/www.messinaoggi.it\/website\/wp-json\/wp\/v2\/users\/2"}],"replies":[{"embeddable":true,"href":"https:\/\/www.messinaoggi.it\/website\/wp-json\/wp\/v2\/comments?post=29619"}],"version-history":[{"count":0,"href":"https:\/\/www.messinaoggi.it\/website\/wp-json\/wp\/v2\/posts\/29619\/revisions"}],"wp:featuredmedia":[{"embeddable":true,"href":"https:\/\/www.messinaoggi.it\/website\/wp-json\/wp\/v2\/media\/29620"}],"wp:attachment":[{"href":"https:\/\/www.messinaoggi.it\/website\/wp-json\/wp\/v2\/media?parent=29619"}],"wp:term":[{"taxonomy":"category","embeddable":true,"href":"https:\/\/www.messinaoggi.it\/website\/wp-json\/wp\/v2\/categories?post=29619"},{"taxonomy":"post_tag","embeddable":true,"href":"https:\/\/www.messinaoggi.it\/website\/wp-json\/wp\/v2\/tags?post=29619"}],"curies":[{"name":"wp","href":"https:\/\/api.w.org\/{rel}","templated":true}]}}