{"id":29614,"date":"2019-02-18T08:27:48","date_gmt":"2019-02-18T07:27:48","guid":{"rendered":"http:\/\/www.messinaoggi.it\/website\/?p=29614"},"modified":"2019-02-18T08:27:48","modified_gmt":"2019-02-18T07:27:48","slug":"viale-della-liberta-degrado-sotto-gli-occhi-di-tutti","status":"publish","type":"post","link":"https:\/\/www.messinaoggi.it\/website\/2019\/02\/18\/viale-della-liberta-degrado-sotto-gli-occhi-di-tutti\/","title":{"rendered":"Viale della Libert\u00e0, degrado sotto gli occhi di tutti"},"content":{"rendered":"<p>Acqua alta nelle giornate di pioggia, erba alta sempre. Il degrado \u00e8 servito sul trafficato viale della Libert\u00e0, avamposto di una citt\u00e0 che non riesce ad emergere dal grigiore generale. Dopo aver ammirato le bellezze paesaggistiche dello Stretto, ecco l&#8217;impatto con la dura realt\u00e0: chi mette piede in Sicilia si trova davanti uno spettacolo non certo degno di una terra che dovrebbe e potrebbe vivere solo di turismo. Sporcizia e vegetazione incolta rappresentano un pessimo biglietto da visita, basti osservare la linea del tram per rendersene conto. Oltre alle pensiline imbrattate, l&#8217;erba alta \u00e8 ovunque ed invade la sede stradale.<br \/>\nUno spettacolo indecoroso sotto gli occhi di tutti, eppure nessuno sembra curarsene. Basterebbe poco per rimuovere le erbacce, che invece crescono spontaneamente. Dalle nostre colonne l&#8217;invito a restituire un minimo di decoro al viale della Libert\u00e0, ostaggio del degrado e dell&#8217;approssimazione degli amministratori.<div id=\"div-gpt-ad-Messinaoggi.it-DSK-300x250-corpoart\" style=\"text-align:center;margin:0 auto;\"><\/div><\/p>\n<div id=\"videoincontent\" style=\"clear:both\";><\/div>","protected":false},"excerpt":{"rendered":"<p>Acqua alta nelle giornate di pioggia, erba alta sempre. Il degrado \u00e8 servito sul trafficato viale della Libert\u00e0, avamposto di una citt\u00e0 che non riesce ad emergere dal grigiore generale. Dopo aver ammirato le bellezze paesaggistiche dello Stretto, ecco l&#8217;impatto con la dura realt\u00e0: chi mette piede in Sicilia si trova davanti uno spettacolo non [&hellip;]<\/p>\n","protected":false},"author":4,"featured_media":29615,"comment_status":"closed","ping_status":"open","sticky":false,"template":"","format":"standard","meta":{"ub_ctt_via":"","_mi_skip_tracking":false},"categories":[5],"tags":[],"featured_image_src":"https:\/\/www.messinaoggi.it\/website\/wp-content\/uploads\/2019\/02\/IMG-20190217-WA0013-1.jpg","author_info":{"display_name":"redme","author_link":"https:\/\/www.messinaoggi.it\/website\/author\/redme\/"},"digistream_id":0,"digistream":false,"_links":{"self":[{"href":"https:\/\/www.messinaoggi.it\/website\/wp-json\/wp\/v2\/posts\/29614"}],"collection":[{"href":"https:\/\/www.messinaoggi.it\/website\/wp-json\/wp\/v2\/posts"}],"about":[{"href":"https:\/\/www.messinaoggi.it\/website\/wp-json\/wp\/v2\/types\/post"}],"author":[{"embeddable":true,"href":"https:\/\/www.messinaoggi.it\/website\/wp-json\/wp\/v2\/users\/4"}],"replies":[{"embeddable":true,"href":"https:\/\/www.messinaoggi.it\/website\/wp-json\/wp\/v2\/comments?post=29614"}],"version-history":[{"count":0,"href":"https:\/\/www.messinaoggi.it\/website\/wp-json\/wp\/v2\/posts\/29614\/revisions"}],"wp:featuredmedia":[{"embeddable":true,"href":"https:\/\/www.messinaoggi.it\/website\/wp-json\/wp\/v2\/media\/29615"}],"wp:attachment":[{"href":"https:\/\/www.messinaoggi.it\/website\/wp-json\/wp\/v2\/media?parent=29614"}],"wp:term":[{"taxonomy":"category","embeddable":true,"href":"https:\/\/www.messinaoggi.it\/website\/wp-json\/wp\/v2\/categories?post=29614"},{"taxonomy":"post_tag","embeddable":true,"href":"https:\/\/www.messinaoggi.it\/website\/wp-json\/wp\/v2\/tags?post=29614"}],"curies":[{"name":"wp","href":"https:\/\/api.w.org\/{rel}","templated":true}]}}