{"id":29585,"date":"2019-02-17T10:00:44","date_gmt":"2019-02-17T09:00:44","guid":{"rendered":"http:\/\/www.messinaoggi.it\/website\/?p=29585"},"modified":"2019-02-17T10:00:44","modified_gmt":"2019-02-17T09:00:44","slug":"potatura-alberi-limitazioni-viarie-in-prossimita-degli-interventi","status":"publish","type":"post","link":"https:\/\/www.messinaoggi.it\/website\/2019\/02\/17\/potatura-alberi-limitazioni-viarie-in-prossimita-degli-interventi\/","title":{"rendered":"Potatura alberi, limitazioni viarie in prossimit\u00e0 degli interventi"},"content":{"rendered":"<p>Il dipartimento Mobilit\u00e0 urbana, per l\u2019esecuzione di interventi urgenti sulle alberature della citt\u00e0 e dei villaggi, ha disposto il divieto di sosta nella fascia oraria 6\u201317.30, su entrambi i lati delle strade perimetrali di piazza Fontana Gennaro, in vigore da luned\u00ec 18 sino a gioved\u00ec 21, e di piazza G. Carducci, da mercoled\u00ec 20 a venerd\u00ec 22, a parziale modifica ed integrazione dell\u2019ordinanza n. 69 del 29 gennaio scorso. Istituito, da gioved\u00ec 21 sino al 2 marzo, il divieto di sosta, con zona rimozione coatta, sempre nella fascia oraria 6 \u2013 17.30, in via Roosevelt, tra villa Dante e via La Farina.<br \/>\nGli interventi di potatura dovranno essere effettuati con esclusione della fasce orarie 7.15-8.45 e 13-14.15. Le limitazioni saranno istituite per singoli tratti di interventi giornalieri, con esclusione delle giornate in cui siano previste manifestazioni religiose, civili o sportive.<br \/>\nSar\u00e0 interdetto il transito pedonale nelle parti di marciapiede interessate dai lavori; verr\u00e0 opportunamente delimitata la parte di carreggiata stradale occupata dai mezzi impegnati per gli interventi e la circolazione stradale sar\u00e0 garantita, se necessario, con senso unico alternato regolamentato da movieri.<div id=\"div-gpt-ad-Messinaoggi.it-DSK-300x250-corpoart\" style=\"text-align:center;margin:0 auto;\"><\/div><\/p>\n<div id=\"videoincontent\" style=\"clear:both\";><\/div>","protected":false},"excerpt":{"rendered":"<p>Il dipartimento Mobilit\u00e0 urbana, per l\u2019esecuzione di interventi urgenti sulle alberature della citt\u00e0 e dei villaggi, ha disposto il divieto di sosta nella fascia oraria 6\u201317.30, su entrambi i lati delle strade perimetrali di piazza Fontana Gennaro, in vigore da luned\u00ec 18 sino a gioved\u00ec 21, e di piazza G. Carducci, da mercoled\u00ec 20 a [&hellip;]<\/p>\n","protected":false},"author":4,"featured_media":3212,"comment_status":"closed","ping_status":"open","sticky":false,"template":"","format":"standard","meta":{"ub_ctt_via":"","_mi_skip_tracking":false},"categories":[5],"tags":[],"featured_image_src":"https:\/\/www.messinaoggi.it\/website\/wp-content\/uploads\/2017\/06\/via-verdi-caduta-alberi-2.jpg","author_info":{"display_name":"redme","author_link":"https:\/\/www.messinaoggi.it\/website\/author\/redme\/"},"digistream_id":0,"digistream":false,"_links":{"self":[{"href":"https:\/\/www.messinaoggi.it\/website\/wp-json\/wp\/v2\/posts\/29585"}],"collection":[{"href":"https:\/\/www.messinaoggi.it\/website\/wp-json\/wp\/v2\/posts"}],"about":[{"href":"https:\/\/www.messinaoggi.it\/website\/wp-json\/wp\/v2\/types\/post"}],"author":[{"embeddable":true,"href":"https:\/\/www.messinaoggi.it\/website\/wp-json\/wp\/v2\/users\/4"}],"replies":[{"embeddable":true,"href":"https:\/\/www.messinaoggi.it\/website\/wp-json\/wp\/v2\/comments?post=29585"}],"version-history":[{"count":0,"href":"https:\/\/www.messinaoggi.it\/website\/wp-json\/wp\/v2\/posts\/29585\/revisions"}],"wp:featuredmedia":[{"embeddable":true,"href":"https:\/\/www.messinaoggi.it\/website\/wp-json\/wp\/v2\/media\/3212"}],"wp:attachment":[{"href":"https:\/\/www.messinaoggi.it\/website\/wp-json\/wp\/v2\/media?parent=29585"}],"wp:term":[{"taxonomy":"category","embeddable":true,"href":"https:\/\/www.messinaoggi.it\/website\/wp-json\/wp\/v2\/categories?post=29585"},{"taxonomy":"post_tag","embeddable":true,"href":"https:\/\/www.messinaoggi.it\/website\/wp-json\/wp\/v2\/tags?post=29585"}],"curies":[{"name":"wp","href":"https:\/\/api.w.org\/{rel}","templated":true}]}}