{"id":29570,"date":"2019-02-16T09:50:36","date_gmt":"2019-02-16T08:50:36","guid":{"rendered":"http:\/\/www.messinaoggi.it\/website\/?p=29570"},"modified":"2019-02-16T09:50:36","modified_gmt":"2019-02-16T08:50:36","slug":"annunziata-violento-scontro-ferita-una-donna","status":"publish","type":"post","link":"https:\/\/www.messinaoggi.it\/website\/2019\/02\/16\/annunziata-violento-scontro-ferita-una-donna\/","title":{"rendered":"Annunziata, violento scontro: ferita una donna"},"content":{"rendered":"<p>Violento scontro fra una Matiz e una Bmw sul viale Annunziata. Ferita in maniera non grave la conducente della piccola utilitaria che s&#8217;\u00e8 ribaltata.<br \/>\nLo scontro \u00e8 avvenuto in prossimit\u00e0 di un incrocio e pare che una delle due vetture non abbia rispettato la precedenza. La donna \u00e8 ferita \u00e8 stata estratta dall&#8217;abitacolo della Matiz non senza difficolt\u00e0 dai primi soccorritori, fra i quali lo stesso conducente della vettura coinvolta nell&#8217;incidente.<br \/>\nLa ferita \u00e8 stata medicata dal personale del 118 con ferite lievi. Sul posto sono intervenuti gli agenti della Polizia municipale, i quali hanno effettuato i rilievi e regolato il traffico veicolare nella trafficata arteria stradale.<div id=\"div-gpt-ad-Messinaoggi.it-DSK-300x250-corpoart\" style=\"text-align:center;margin:0 auto;\"><\/div><\/p>\n<div id=\"videoincontent\" style=\"clear:both\";><\/div>","protected":false},"excerpt":{"rendered":"<p>Violento scontro fra una Matiz e una Bmw sul viale Annunziata. Ferita in maniera non grave la conducente della piccola utilitaria che s&#8217;\u00e8 ribaltata. Lo scontro \u00e8 avvenuto in prossimit\u00e0 di un incrocio e pare che una delle due vetture non abbia rispettato la precedenza. La donna \u00e8 ferita \u00e8 stata estratta dall&#8217;abitacolo della Matiz [&hellip;]<\/p>\n","protected":false},"author":2,"featured_media":29568,"comment_status":"closed","ping_status":"open","sticky":false,"template":"","format":"standard","meta":{"ub_ctt_via":"","_mi_skip_tracking":false},"categories":[19],"tags":[],"featured_image_src":"https:\/\/www.messinaoggi.it\/website\/wp-content\/uploads\/2019\/02\/C370CD03-6330-4CA4-BA4F-9C75A63D1003.jpeg","author_info":{"display_name":"Redazione","author_link":"https:\/\/www.messinaoggi.it\/website\/author\/redazione\/"},"digistream_id":0,"digistream":false,"_links":{"self":[{"href":"https:\/\/www.messinaoggi.it\/website\/wp-json\/wp\/v2\/posts\/29570"}],"collection":[{"href":"https:\/\/www.messinaoggi.it\/website\/wp-json\/wp\/v2\/posts"}],"about":[{"href":"https:\/\/www.messinaoggi.it\/website\/wp-json\/wp\/v2\/types\/post"}],"author":[{"embeddable":true,"href":"https:\/\/www.messinaoggi.it\/website\/wp-json\/wp\/v2\/users\/2"}],"replies":[{"embeddable":true,"href":"https:\/\/www.messinaoggi.it\/website\/wp-json\/wp\/v2\/comments?post=29570"}],"version-history":[{"count":0,"href":"https:\/\/www.messinaoggi.it\/website\/wp-json\/wp\/v2\/posts\/29570\/revisions"}],"wp:featuredmedia":[{"embeddable":true,"href":"https:\/\/www.messinaoggi.it\/website\/wp-json\/wp\/v2\/media\/29568"}],"wp:attachment":[{"href":"https:\/\/www.messinaoggi.it\/website\/wp-json\/wp\/v2\/media?parent=29570"}],"wp:term":[{"taxonomy":"category","embeddable":true,"href":"https:\/\/www.messinaoggi.it\/website\/wp-json\/wp\/v2\/categories?post=29570"},{"taxonomy":"post_tag","embeddable":true,"href":"https:\/\/www.messinaoggi.it\/website\/wp-json\/wp\/v2\/tags?post=29570"}],"curies":[{"name":"wp","href":"https:\/\/api.w.org\/{rel}","templated":true}]}}