{"id":29562,"date":"2019-02-15T12:30:55","date_gmt":"2019-02-15T11:30:55","guid":{"rendered":"http:\/\/www.messinaoggi.it\/website\/?p=29562"},"modified":"2019-02-15T12:30:55","modified_gmt":"2019-02-15T11:30:55","slug":"carnevale-a-cairoli-nuova-iniziativa-di-messina-incentro-lunedi-la-presentazione-degli-eventi","status":"publish","type":"post","link":"https:\/\/www.messinaoggi.it\/website\/2019\/02\/15\/carnevale-a-cairoli-nuova-iniziativa-di-messina-incentro-lunedi-la-presentazione-degli-eventi\/","title":{"rendered":"Carnevale a Cairoli, nuova iniziativa di Messina Incentro. Luned\u00ec la presentazione degli eventi"},"content":{"rendered":"<p>Luned\u00ec 18 febbraio 2019, alle ore 10,30 presso la Sala Ovale di Palazzo Zanca sar\u00e0 presentata l\u2019iniziativa \u201cCarnevale a Piazza Cairoli\u201d, promossa dall\u2019associazione dei commercianti Messina Incentro, con la collaborazione della \u201cMessina Sea InSicily\u201d e il patrocinio del Comune di Messina e del Cus Messina.<br \/>\nAll\u2019incontro con la stampa, durante il quale sar\u00e0 presentato il programma degli eventi che si terranno a piazza Cairoli dal 20 febbraio al 10 marzo 2019, interverranno il sindaco di Messina, On. <strong>Cateno De Luca<\/strong>, l\u2019assessore comunale agli spettacoli, <strong>Pippo Scattareggia<\/strong>, il presidente di Messina Incentro, <strong>Pasquale Amante Santoro<\/strong>, il rappresentante della \u201cMessina Sea InSicily\u201d, <strong>Giuseppe D\u2019Angelo<\/strong>, il direttore artistico <strong>Teresa Impollonia<\/strong>, nonch\u00e9 i rappresentati del Cus Messina e del Circolo Tennis e Vela di Messina.<br \/>\nL\u2019iniziativa \u201cCarnevale a piazza Cairoli\u201d, resa possibile grazie al contributo di sponsor privati, si rivolge soprattutto ai pi\u00f9 piccoli e vedr\u00e0 anche il coinvolgimento degli atleti di Enti e societ\u00e0 sportive messinesi che si esibiranno in piazza.<div id=\"div-gpt-ad-Messinaoggi.it-DSK-300x250-corpoart\" style=\"text-align:center;margin:0 auto;\"><\/div><\/p>\n<div id=\"videoincontent\" style=\"clear:both\";><\/div>","protected":false},"excerpt":{"rendered":"<p>Luned\u00ec 18 febbraio 2019, alle ore 10,30 presso la Sala Ovale di Palazzo Zanca sar\u00e0 presentata l\u2019iniziativa \u201cCarnevale a Piazza Cairoli\u201d, promossa dall\u2019associazione dei commercianti Messina Incentro, con la collaborazione della \u201cMessina Sea InSicily\u201d e il patrocinio del Comune di Messina e del Cus Messina. All\u2019incontro con la stampa, durante il quale sar\u00e0 presentato il [&hellip;]<\/p>\n","protected":false},"author":2,"featured_media":6226,"comment_status":"closed","ping_status":"open","sticky":false,"template":"","format":"standard","meta":{"ub_ctt_via":"","_mi_skip_tracking":false},"categories":[5],"tags":[],"featured_image_src":"https:\/\/www.messinaoggi.it\/website\/wp-content\/uploads\/2017\/08\/FullSizeRender-3.jpg","author_info":{"display_name":"Redazione","author_link":"https:\/\/www.messinaoggi.it\/website\/author\/redazione\/"},"digistream_id":0,"digistream":false,"_links":{"self":[{"href":"https:\/\/www.messinaoggi.it\/website\/wp-json\/wp\/v2\/posts\/29562"}],"collection":[{"href":"https:\/\/www.messinaoggi.it\/website\/wp-json\/wp\/v2\/posts"}],"about":[{"href":"https:\/\/www.messinaoggi.it\/website\/wp-json\/wp\/v2\/types\/post"}],"author":[{"embeddable":true,"href":"https:\/\/www.messinaoggi.it\/website\/wp-json\/wp\/v2\/users\/2"}],"replies":[{"embeddable":true,"href":"https:\/\/www.messinaoggi.it\/website\/wp-json\/wp\/v2\/comments?post=29562"}],"version-history":[{"count":0,"href":"https:\/\/www.messinaoggi.it\/website\/wp-json\/wp\/v2\/posts\/29562\/revisions"}],"wp:featuredmedia":[{"embeddable":true,"href":"https:\/\/www.messinaoggi.it\/website\/wp-json\/wp\/v2\/media\/6226"}],"wp:attachment":[{"href":"https:\/\/www.messinaoggi.it\/website\/wp-json\/wp\/v2\/media?parent=29562"}],"wp:term":[{"taxonomy":"category","embeddable":true,"href":"https:\/\/www.messinaoggi.it\/website\/wp-json\/wp\/v2\/categories?post=29562"},{"taxonomy":"post_tag","embeddable":true,"href":"https:\/\/www.messinaoggi.it\/website\/wp-json\/wp\/v2\/tags?post=29562"}],"curies":[{"name":"wp","href":"https:\/\/api.w.org\/{rel}","templated":true}]}}