{"id":29553,"date":"2019-02-15T11:38:08","date_gmt":"2019-02-15T10:38:08","guid":{"rendered":"http:\/\/www.messinaoggi.it\/website\/?p=29553"},"modified":"2019-02-15T11:38:08","modified_gmt":"2019-02-15T10:38:08","slug":"finanziaria-uil-sicilia-si-tratta-di-unoperazione-che-mette-la-regione-a-rischio","status":"publish","type":"post","link":"https:\/\/www.messinaoggi.it\/website\/2019\/02\/15\/finanziaria-uil-sicilia-si-tratta-di-unoperazione-che-mette-la-regione-a-rischio\/","title":{"rendered":"Finanziaria, Uil Sicilia: &quot;Si tratta di un&#039;operazione che mette la Regione a rischio\u201d"},"content":{"rendered":"<p lang=\"it-IT\">\u201c<span style=\"font-family: Arial, sans-serif\"><span style=\"font-size: medium\"><i>\u00c8 una Finanziaria che non affronta nessun problema, serve solo a tirare a campare<\/i>\u201d. \u00c8 il commento a caldo del segretario generale della Uil Sicilia, Claudio Barone, sulla finanziaria regionale appena approvata, che a detta del sindacalista metterebbe la Sicilia in una posizione contrattuale pi\u00f9 debole rispetto all&#8217;esecutivo nazionale: \u201c<i>Anche l\u2019operazione di finanza creativa, cio\u00e8 fingere che siano disponibili risorse su cui ancora non c\u2019\u00e8 una norma, mette la Sicilia in una posizione debole nei confronti del governo nazionale in un momento in cui si sta giocando una partita importante sull\u2019autonomia differenziata per tre regioni del Nord<\/i>\u201d.<\/span><\/span><div id=\"div-gpt-ad-Messinaoggi.it-DSK-300x250-corpoart\" style=\"text-align:center;margin:0 auto;\"><\/div><\/p>\n<p lang=\"it-IT\">\u201c<span style=\"font-family: Arial, sans-serif\"><span style=\"font-size: medium\"><i>Un vulnus di autorevolezza <\/i>\u2013 si continua a leggere nella nota \u2013<i> che rischiamo di pagare caro. Un esempio? Luned\u00ec prossimo \u00e8 prevista una convocazione dei parlamentari per intervenire sulla disastrosa situazione in cui versano le ex Province, chiedendo di attenuare il prelievo forzoso che penalizza la nostra regione. Con questo scenario, per\u00f2, sar\u00e0 pi\u00f9 complicato<\/i>\u201d.<\/span><\/span><div id=\"videoincontent\" style=\"clear:both\";><\/div><\/p>\n<p lang=\"it-IT\">\u201c<span style=\"font-family: Arial, sans-serif\"><span style=\"font-size: medium\"><i>\u00c8 evidente <\/i>\u2013 conclude il sindacalista \u2013<i> che non c\u2019\u00e8 una maggioranza e nessun progetto di governo della Sicilia. Si procede per opportunit\u00e0 elettorali cercando di andare avanti rinviando i problemi. La Uil ha sempre chiesto un confronto che non c\u2019\u00e8 mai stato probabilmente perch\u00e9, tranne che roboanti promesse, sui problemi veri la politica non \u00e8 in grado o non vuole dare risposte<\/i>\u201d.<\/span><\/span><\/p>\n","protected":false},"excerpt":{"rendered":"<p>\u201c\u00c8 una Finanziaria che non affronta nessun problema, serve solo a tirare a campare\u201d. \u00c8 il commento a caldo del segretario generale della Uil Sicilia, Claudio Barone, sulla finanziaria regionale appena approvata, che a detta del sindacalista metterebbe la Sicilia in una posizione contrattuale pi\u00f9 debole rispetto all&#8217;esecutivo nazionale: \u201cAnche l\u2019operazione di finanza creativa, cio\u00e8 [&hellip;]<\/p>\n","protected":false},"author":8,"featured_media":12060,"comment_status":"closed","ping_status":"open","sticky":false,"template":"","format":"standard","meta":{"ub_ctt_via":"","_mi_skip_tracking":false},"categories":[11],"tags":[],"featured_image_src":"https:\/\/www.messinaoggi.it\/website\/wp-content\/uploads\/2017\/11\/palazzo-dei-normanni-sede-Ars-Palermo-messinaoggiMR.jpg","author_info":{"display_name":"red..me","author_link":"https:\/\/www.messinaoggi.it\/website\/author\/redstage\/"},"digistream_id":0,"digistream":false,"_links":{"self":[{"href":"https:\/\/www.messinaoggi.it\/website\/wp-json\/wp\/v2\/posts\/29553"}],"collection":[{"href":"https:\/\/www.messinaoggi.it\/website\/wp-json\/wp\/v2\/posts"}],"about":[{"href":"https:\/\/www.messinaoggi.it\/website\/wp-json\/wp\/v2\/types\/post"}],"author":[{"embeddable":true,"href":"https:\/\/www.messinaoggi.it\/website\/wp-json\/wp\/v2\/users\/8"}],"replies":[{"embeddable":true,"href":"https:\/\/www.messinaoggi.it\/website\/wp-json\/wp\/v2\/comments?post=29553"}],"version-history":[{"count":0,"href":"https:\/\/www.messinaoggi.it\/website\/wp-json\/wp\/v2\/posts\/29553\/revisions"}],"wp:featuredmedia":[{"embeddable":true,"href":"https:\/\/www.messinaoggi.it\/website\/wp-json\/wp\/v2\/media\/12060"}],"wp:attachment":[{"href":"https:\/\/www.messinaoggi.it\/website\/wp-json\/wp\/v2\/media?parent=29553"}],"wp:term":[{"taxonomy":"category","embeddable":true,"href":"https:\/\/www.messinaoggi.it\/website\/wp-json\/wp\/v2\/categories?post=29553"},{"taxonomy":"post_tag","embeddable":true,"href":"https:\/\/www.messinaoggi.it\/website\/wp-json\/wp\/v2\/tags?post=29553"}],"curies":[{"name":"wp","href":"https:\/\/api.w.org\/{rel}","templated":true}]}}