{"id":29516,"date":"2019-02-14T10:16:11","date_gmt":"2019-02-14T09:16:11","guid":{"rendered":"http:\/\/www.messinaoggi.it\/website\/?p=29516"},"modified":"2019-02-14T10:16:11","modified_gmt":"2019-02-14T09:16:11","slug":"servizi-sociali-lassessore-calafiore-clima-incerto-per-articoli-fuorvianti","status":"publish","type":"post","link":"https:\/\/www.messinaoggi.it\/website\/2019\/02\/14\/servizi-sociali-lassessore-calafiore-clima-incerto-per-articoli-fuorvianti\/","title":{"rendered":"Servizi Sociali, l&#039;assessore Calafiore: &quot;Clima incerto per articoli fuorvianti&quot;"},"content":{"rendered":"<p class=\"p1\" style=\"text-align: justify;\"><span class=\"s1\">L\u2019assessore alle Politiche Sociali Alessandra Calafiore, in una nota, precisa quanto segue: \u201cIl clima di continua instabilit\u00e0 ed incertezza per i lavoratori dei servizi sociali che viene diffuso a mezzo stampa, attraverso articoli fuorvianti e con interpretazioni di parte, richiede un intervento dell\u2019Amministrazione a chiarimento. Si fa presente, che le procedure di avvio del servizio con l\u2019azienda Speciale Messina Social City, procedono alacremente e il primo Marzo 2019 avranno inizio. Relativamente al passaggio dei lavoratori ex art. 37 del CCNL delle cooperative si ribadisce la volont\u00e0 dell\u2019Amministrazione di proseguire nella procedura. L\u2019intervento del C.P.I. di Messina era stato richiesto infatti esclusivamente quale supporto nella procedura. Dopo un primo riscontro positivo, il presidente del C.P.I. Santi Trovato ha richiesto un parere all\u2019assessorato regionale del Lavoro, dell\u2019Impiego, dell\u2019Orientamento, dei Servizi e delle Attivit\u00e0 Formative, e sostanzialmente il dirigente generale Francesca Garoffolo ha chiarito che la procedura \u2018rientra nelle autonome determinazioni del Comune di Messina\u2019. E\u2019 di tutta evidenza, che la procedura continuer\u00e0 senza il supporto del C.P.I.; del resto si fa presente, che anche in passato queste procedure erano avvenute attraverso il tavolo concertativo con i sindacati alla presenza dell\u2019Ente cedente e dell\u2019Ente subentrante. Pertanto, anche in tale fattispecie, si seguir\u00e0 lo stesso iter. Entro i primi giorni della prossima settimana sar\u00e0 convocato il predetto tavolo, essendo peraltro, tutte le parti coinvolte gi\u00e0 in possesso dei dati dei lavoratori interessati dal passaggio che avverr\u00e0 con la stessa modalit\u00e0 di contratto in essere. Pertanto si sottolinea che non si prevede nessuna trasformazione di contratto da tempo determinato a tempo indeterminato. Contestualmente il bando di selezione pubblicato nei giorni scorsi e che riguarda esclusivamente i lavoratori da assumere a tempo determinato per esigenze temporanee della Messina Social City procede e si conferma la scadenza del 04.03.2019. Si ribadisce altres\u00ec, che anche gli altri bandi in corso riguardanti il consulente contabile e il direttore generale sono gi\u00e0 scaduti o scadranno a breve; pertanto a giorni sar\u00e0 completata anche questa parte del procedimento e potranno essere portati avanti tutti gli adempimenti conseguenti. L\u2019Amministrazione era perfettamente a conoscenza che ci sarebbero stati tentativi per boicottare l\u2019internalizzazione dei servizi gestiti dalle cooperative e certamente non si esclude che non mancheranno altri \u2018assalti\u2019, riteniamo tuttavia di procedere secondo quanto deliberato dalla Giunta e dal Consiglio comunale. Ci rendiamo conto che questo percorso \u00e8 in controtendenza agli interessi economici rilevanti che stanno dietro a procedure di affidamento seguite negli ultimi 30 anni, abbiamo tuttavia fatto una scelta precisa, condivisa con il Consiglio comunale. Pertanto ai detrattori ed a coloro che remano contro, rispondiamo che andiamo avanti a tutela di tutti i lavoratori che sono stati vessati per anni e che credono in questo nuovo modello di gestione. Si precisa, infine, che primo obiettivo dell\u2019Amministrazione rimane comunque la riqualificazione dei bisogni degli utenti che si sta gi\u00e0 mettendo in atto attraverso l\u2019analisi e la mappatura dei bisogni\u201d.<\/span><div id=\"div-gpt-ad-Messinaoggi.it-DSK-300x250-corpoart\" style=\"text-align:center;margin:0 auto;\"><\/div><\/p>\n<div id=\"videoincontent\" style=\"clear:both\";><\/div>","protected":false},"excerpt":{"rendered":"<p>L\u2019assessore alle Politiche Sociali Alessandra Calafiore, in una nota, precisa quanto segue: \u201cIl clima di continua instabilit\u00e0 ed incertezza per i lavoratori dei servizi sociali che viene diffuso a mezzo stampa, attraverso articoli fuorvianti e con interpretazioni di parte, richiede un intervento dell\u2019Amministrazione a chiarimento. Si fa presente, che le procedure di avvio del servizio [&hellip;]<\/p>\n","protected":false},"author":2,"featured_media":22350,"comment_status":"closed","ping_status":"open","sticky":false,"template":"","format":"standard","meta":{"ub_ctt_via":"","_mi_skip_tracking":false},"categories":[4],"tags":[],"featured_image_src":"https:\/\/www.messinaoggi.it\/website\/wp-content\/uploads\/2018\/07\/De-Luca-e-assessore-Calafiore-messinaoggiMarcyRuggi-1.jpg","author_info":{"display_name":"Redazione","author_link":"https:\/\/www.messinaoggi.it\/website\/author\/redazione\/"},"digistream_id":0,"digistream":false,"_links":{"self":[{"href":"https:\/\/www.messinaoggi.it\/website\/wp-json\/wp\/v2\/posts\/29516"}],"collection":[{"href":"https:\/\/www.messinaoggi.it\/website\/wp-json\/wp\/v2\/posts"}],"about":[{"href":"https:\/\/www.messinaoggi.it\/website\/wp-json\/wp\/v2\/types\/post"}],"author":[{"embeddable":true,"href":"https:\/\/www.messinaoggi.it\/website\/wp-json\/wp\/v2\/users\/2"}],"replies":[{"embeddable":true,"href":"https:\/\/www.messinaoggi.it\/website\/wp-json\/wp\/v2\/comments?post=29516"}],"version-history":[{"count":0,"href":"https:\/\/www.messinaoggi.it\/website\/wp-json\/wp\/v2\/posts\/29516\/revisions"}],"wp:featuredmedia":[{"embeddable":true,"href":"https:\/\/www.messinaoggi.it\/website\/wp-json\/wp\/v2\/media\/22350"}],"wp:attachment":[{"href":"https:\/\/www.messinaoggi.it\/website\/wp-json\/wp\/v2\/media?parent=29516"}],"wp:term":[{"taxonomy":"category","embeddable":true,"href":"https:\/\/www.messinaoggi.it\/website\/wp-json\/wp\/v2\/categories?post=29516"},{"taxonomy":"post_tag","embeddable":true,"href":"https:\/\/www.messinaoggi.it\/website\/wp-json\/wp\/v2\/tags?post=29516"}],"curies":[{"name":"wp","href":"https:\/\/api.w.org\/{rel}","templated":true}]}}