{"id":29431,"date":"2019-02-12T10:10:07","date_gmt":"2019-02-12T09:10:07","guid":{"rendered":"http:\/\/www.messinaoggi.it\/website\/?p=29431"},"modified":"2019-02-12T10:10:07","modified_gmt":"2019-02-12T09:10:07","slug":"genovese-lancia-il-consiglio-comunale-giovane","status":"publish","type":"post","link":"https:\/\/www.messinaoggi.it\/website\/2019\/02\/12\/genovese-lancia-il-consiglio-comunale-giovane\/","title":{"rendered":"Genovese lancia il Consiglio comunale giovane"},"content":{"rendered":"<p style=\"text-align: justify;\">\u201cStimolare l\u2019impegno sociale, culturale e politico delle nuove generazioni di siciliani grazie ad uno strumento proteso al rafforzamento del diritto di rappresentanza del mondo giovanile nelle sedi istituzionali\u201d. \u00c8 questo l\u2019obiettivo del disegno di legge finalizzato all\u2019istituzione del Consiglio Comunale dei Giovani, presentato all\u2019Ars dal deputato regionale Luigi Genovese. \u201cAttraverso la creazione di organismi che permettano alle nuove generazioni di toccare con mano le dinamiche che regolano la vita politico-amministrativa di tutto il territorio regionale \u2013 sottolinea il deputato &#8211; \u00e8 possibile innescare un processo virtuoso che incida concretamente sulla formazione delle classi dirigenti del futuro. Estendere il raggio di rappresentanza politica ai giovani \u2013 prosegue &#8211; pu\u00f2 rivelarsi, inoltre, un viatico importante per alimentare gli scambi culturali interregionali e internazionali, stimolare le capacit\u00e0 critiche e contrastare l\u2019emarginazione giovanile\u201d.<div id=\"div-gpt-ad-Messinaoggi.it-DSK-300x250-corpoart\" style=\"text-align:center;margin:0 auto;\"><\/div><\/p>\n<p style=\"text-align: justify;\">Il progetto legislativo, una volta concluso l\u2019iter parlamentare, dar\u00e0 ai giovani tra i 15 e i 25 anni &#8211; eletti a suffragio universale diretto, con metodo proporzionale a scrutinio di lista dai residenti che abbiano compiuto il quindicesimo anno di et\u00e0 e non abbiano superato i 25 anni &#8211; la possibilit\u00e0 di far parte di un organo democratico che avr\u00e0 la facolt\u00e0 di esprimersi sulle questioni che riguardano i territori comunali, con particolare riferimento a quelle di interesse giovanile, ma anche di elaborare progetti rivolti alla collettivit\u00e0 in collaborazione con tutti i comuni della regione. Il Consiglio dei Giovani, tra le sue competenze, potr\u00e0 presentare proposte di deliberazione ai Consigli e alle giunte comunali, potendo anche esprimere pareri non vincolanti su tutti gli atti emanati dagli organi amministrativi.<div id=\"videoincontent\" style=\"clear:both\";><\/div><\/p>\n<p style=\"text-align: justify;\">\u201cUn\u2019iniziativa legislativa che mi stava particolarmente a cuore \u2013 spiega il deputato regionale &#8211; perch\u00e9 pu\u00f2 rappresentare una grande opportunit\u00e0 di dialogo tra varie classi generazionali all\u2019interno di un dibattito, quello sulla vita pubblica e sull\u2019efficienza degli enti locali, che deve necessariamente dare uno spazio di rappresentanza ai giovani, che non possono e non devono pi\u00f9 rimanere ai margini delle dinamiche politico-amministrative. La retorica sul futuro non pu\u00f2 pi\u00f9 bastare: chi crede nelle nuove generazioni, deve avere il coraggio di investire sui giovani e sulle loro idee\u201d.<\/p>\n","protected":false},"excerpt":{"rendered":"<p>\u201cStimolare l\u2019impegno sociale, culturale e politico delle nuove generazioni di siciliani grazie ad uno strumento proteso al rafforzamento del diritto di rappresentanza del mondo giovanile nelle sedi istituzionali\u201d. \u00c8 questo l\u2019obiettivo del disegno di legge finalizzato all\u2019istituzione del Consiglio Comunale dei Giovani, presentato all\u2019Ars dal deputato regionale Luigi Genovese. \u201cAttraverso la creazione di organismi che [&hellip;]<\/p>\n","protected":false},"author":2,"featured_media":8252,"comment_status":"closed","ping_status":"open","sticky":false,"template":"","format":"standard","meta":{"ub_ctt_via":"","_mi_skip_tracking":false},"categories":[4],"tags":[],"featured_image_src":"https:\/\/www.messinaoggi.it\/website\/wp-content\/uploads\/2017\/09\/21931519_1399923083394798_825460830_o-2.jpg","author_info":{"display_name":"Redazione","author_link":"https:\/\/www.messinaoggi.it\/website\/author\/redazione\/"},"digistream_id":0,"digistream":false,"_links":{"self":[{"href":"https:\/\/www.messinaoggi.it\/website\/wp-json\/wp\/v2\/posts\/29431"}],"collection":[{"href":"https:\/\/www.messinaoggi.it\/website\/wp-json\/wp\/v2\/posts"}],"about":[{"href":"https:\/\/www.messinaoggi.it\/website\/wp-json\/wp\/v2\/types\/post"}],"author":[{"embeddable":true,"href":"https:\/\/www.messinaoggi.it\/website\/wp-json\/wp\/v2\/users\/2"}],"replies":[{"embeddable":true,"href":"https:\/\/www.messinaoggi.it\/website\/wp-json\/wp\/v2\/comments?post=29431"}],"version-history":[{"count":0,"href":"https:\/\/www.messinaoggi.it\/website\/wp-json\/wp\/v2\/posts\/29431\/revisions"}],"wp:featuredmedia":[{"embeddable":true,"href":"https:\/\/www.messinaoggi.it\/website\/wp-json\/wp\/v2\/media\/8252"}],"wp:attachment":[{"href":"https:\/\/www.messinaoggi.it\/website\/wp-json\/wp\/v2\/media?parent=29431"}],"wp:term":[{"taxonomy":"category","embeddable":true,"href":"https:\/\/www.messinaoggi.it\/website\/wp-json\/wp\/v2\/categories?post=29431"},{"taxonomy":"post_tag","embeddable":true,"href":"https:\/\/www.messinaoggi.it\/website\/wp-json\/wp\/v2\/tags?post=29431"}],"curies":[{"name":"wp","href":"https:\/\/api.w.org\/{rel}","templated":true}]}}