{"id":29408,"date":"2019-02-11T12:45:23","date_gmt":"2019-02-11T11:45:23","guid":{"rendered":"http:\/\/www.messinaoggi.it\/website\/?p=29408"},"modified":"2019-02-11T12:45:23","modified_gmt":"2019-02-11T11:45:23","slug":"ex-provincia-de-luca-o-risolveremo-la-questione-entro-15-giorni-o-avviero-il-licenziamento-collettivo","status":"publish","type":"post","link":"https:\/\/www.messinaoggi.it\/website\/2019\/02\/11\/ex-provincia-de-luca-o-risolveremo-la-questione-entro-15-giorni-o-avviero-il-licenziamento-collettivo\/","title":{"rendered":"Ex Provincia, De Luca: &quot;O risolveremo la questione entro 15 giorni o avvier\u00f2 il licenziamento collettivo\u201d"},"content":{"rendered":"<p lang=\"it-IT\">\u201c<span style=\"font-family: Arial, sans-serif;\"><i>Se nei prossimi quindici giorni non si arriver\u00e0 alla conclusione della questione avvier\u00f2 le procedure di licenziamento collettivo e consegner\u00f2 la mia fascia azzurra di Sindaco della citt\u00e0 metropolitana di Messina al Prefetto<\/i>\u201d. \u00c8 quanto affermato dal sindaco metropolitano Cateno De Luca a margine dell&#8217;incontro con i dipendenti dell&#8217;ex Provincia che si \u00e8 svolto questa mattina, ribadendo cos\u00ec le perduranti difficolt\u00e0 finanziarie di Palazzo dei Leoni, tali da costringere il primo cittadino ad avviare il licenziamento collettivo dei dipendenti in caso di una mancata soluzione della questione.<\/span><div id=\"div-gpt-ad-Messinaoggi.it-DSK-300x250-corpoart\" style=\"text-align:center;margin:0 auto;\"><\/div><\/p>\n<p lang=\"it-IT\">\u201c<span style=\"font-family: Arial, sans-serif;\"><i>Cos\u00ec che venga qualcuno<\/i> \u2013 prosegue De Luca \u2013<i> a gestire un Ente che, allo stato attuale, non fa altro che causare danno erariale perch\u00e9 oltre il 50% del personale non \u00e8 nelle condizioni di svolgere il proprio lavoro a seguito del blocco che stiamo subendo. Per quanto riguarda la parte finanziaria, non posso accettare di perdere oltre 330 milioni di euro per infrastrutture, scuole, messa in sicurezza del territorio a causa di un disavanzo tecnico di appena 12 milioni di euro causato dal prelievo forzoso per finanziare il debito pubblico, togliendo risorse, quindi, alla citt\u00e0 metropolitana di Messina che, rispetto a tutte le altre citt\u00e0 metropolitane della Sicilia, rischia di perdere questi 330 milioni di investimenti perch\u00e9 il patto che \u00e8 stato sottoscritto pone in capo all&#8217;Ente la regia dei progetti del Masterplan, a differenza delle altre citt\u00e0 metropolitane della Sicilia dove la regia \u00e8 dei due comuni capoluogo<\/i>\u201d.<\/span><div id=\"videoincontent\" style=\"clear:both\";><\/div><\/p>\n<p lang=\"it-IT\"><span style=\"font-family: Arial, sans-serif;\">&#8220;<i>Nel frattempo, <\/i>\u2013 conclude il sindaco metropolitano \u2013<i> andiamo avanti con questa presa di posizione fino a quando non ci sar\u00e0 un provvedimento che metter\u00e0 in sicurezza, almeno per il triennio 2019-2021, il sistema delle ex Province siciliane<\/i>\u201d.<\/span><\/p>\n","protected":false},"excerpt":{"rendered":"<p>\u201cSe nei prossimi quindici giorni non si arriver\u00e0 alla conclusione della questione avvier\u00f2 le procedure di licenziamento collettivo e consegner\u00f2 la mia fascia azzurra di Sindaco della citt\u00e0 metropolitana di Messina al Prefetto\u201d. \u00c8 quanto affermato dal sindaco metropolitano Cateno De Luca a margine dell&#8217;incontro con i dipendenti dell&#8217;ex Provincia che si \u00e8 svolto questa [&hellip;]<\/p>\n","protected":false},"author":8,"featured_media":29409,"comment_status":"closed","ping_status":"open","sticky":false,"template":"","format":"standard","meta":{"ub_ctt_via":"","_mi_skip_tracking":false},"categories":[6],"tags":[],"featured_image_src":"https:\/\/www.messinaoggi.it\/website\/wp-content\/uploads\/2019\/02\/Fallimento-citta-metropolitana-de-luca.jpg","author_info":{"display_name":"red..me","author_link":"https:\/\/www.messinaoggi.it\/website\/author\/redstage\/"},"digistream_id":0,"digistream":false,"_links":{"self":[{"href":"https:\/\/www.messinaoggi.it\/website\/wp-json\/wp\/v2\/posts\/29408"}],"collection":[{"href":"https:\/\/www.messinaoggi.it\/website\/wp-json\/wp\/v2\/posts"}],"about":[{"href":"https:\/\/www.messinaoggi.it\/website\/wp-json\/wp\/v2\/types\/post"}],"author":[{"embeddable":true,"href":"https:\/\/www.messinaoggi.it\/website\/wp-json\/wp\/v2\/users\/8"}],"replies":[{"embeddable":true,"href":"https:\/\/www.messinaoggi.it\/website\/wp-json\/wp\/v2\/comments?post=29408"}],"version-history":[{"count":0,"href":"https:\/\/www.messinaoggi.it\/website\/wp-json\/wp\/v2\/posts\/29408\/revisions"}],"wp:featuredmedia":[{"embeddable":true,"href":"https:\/\/www.messinaoggi.it\/website\/wp-json\/wp\/v2\/media\/29409"}],"wp:attachment":[{"href":"https:\/\/www.messinaoggi.it\/website\/wp-json\/wp\/v2\/media?parent=29408"}],"wp:term":[{"taxonomy":"category","embeddable":true,"href":"https:\/\/www.messinaoggi.it\/website\/wp-json\/wp\/v2\/categories?post=29408"},{"taxonomy":"post_tag","embeddable":true,"href":"https:\/\/www.messinaoggi.it\/website\/wp-json\/wp\/v2\/tags?post=29408"}],"curies":[{"name":"wp","href":"https:\/\/api.w.org\/{rel}","templated":true}]}}