{"id":2931,"date":"2017-06-16T08:21:31","date_gmt":"2017-06-16T06:21:31","guid":{"rendered":"http:\/\/www.messinaoggi.it\/website\/?p=2931"},"modified":"2017-06-16T08:21:31","modified_gmt":"2017-06-16T06:21:31","slug":"cavallotti-simona-fuori-dal-coma-ma-il-mistero-sullincidente-resta","status":"publish","type":"post","link":"https:\/\/www.messinaoggi.it\/website\/2017\/06\/16\/cavallotti-simona-fuori-dal-coma-ma-il-mistero-sullincidente-resta\/","title":{"rendered":"Cavallotti: Simona fuori dal coma, ma il mistero sull&#039;incidente resta"},"content":{"rendered":"<p>La notizia tanto attesa \u00e8 arrivata: Simona \u00e8 uscita dal coma. Ad annunciarlo \u00e8 stato il primario del reparto di rianimazione del Policlinico di Messina.<br \/>\nNelle ultime ore, la 19enne di Galati ha iniziato a dare importanti segni di miglioramento. La prognosi resta comunque riservata, ma un respiro di sollievo la sua famiglia e gli amici lo hanno fatto. La giovane, infatti, \u00e8 anche riuscita a parlare qualche istante con i propri genitori.<br \/>\nIntanto le indagini continuano: bisogna capire cosa \u00e8 davvero successo quel maledetto venerd\u00ec mattina. Come si ricorder\u00e0 in un primo momento si era detto che la ragazza era stata colpita da un cartello al terminal Cavallotti, ma le successive verifiche avrebbero stabilito che la ragazza sia precipitata dal parcheggio multipiano. Verit\u00e0 che potr\u00e0 fornire soltanto la diretta interessata, magari tra qualche giorno quando potr\u00e0 riferire e raccontare la sua versione.<div id=\"div-gpt-ad-Messinaoggi.it-DSK-300x250-corpoart\" style=\"text-align:center;margin:0 auto;\"><\/div><\/p>\n<div id=\"videoincontent\" style=\"clear:both\";><\/div>","protected":false},"excerpt":{"rendered":"<p>La notizia tanto attesa \u00e8 arrivata: Simona \u00e8 uscita dal coma. Ad annunciarlo \u00e8 stato il primario del reparto di rianimazione del Policlinico di Messina. Nelle ultime ore, la 19enne di Galati ha iniziato a dare importanti segni di miglioramento. La prognosi resta comunque riservata, ma un respiro di sollievo la sua famiglia e gli [&hellip;]<\/p>\n","protected":false},"author":4,"featured_media":2542,"comment_status":"closed","ping_status":"open","sticky":false,"template":"","format":"standard","meta":{"ub_ctt_via":"","_mi_skip_tracking":false},"categories":[6],"tags":[],"featured_image_src":"https:\/\/www.messinaoggi.it\/website\/wp-content\/uploads\/2017\/06\/cartellone-cavallotti_3144-2.jpg","author_info":{"display_name":"redme","author_link":"https:\/\/www.messinaoggi.it\/website\/author\/redme\/"},"digistream_id":0,"digistream":false,"_links":{"self":[{"href":"https:\/\/www.messinaoggi.it\/website\/wp-json\/wp\/v2\/posts\/2931"}],"collection":[{"href":"https:\/\/www.messinaoggi.it\/website\/wp-json\/wp\/v2\/posts"}],"about":[{"href":"https:\/\/www.messinaoggi.it\/website\/wp-json\/wp\/v2\/types\/post"}],"author":[{"embeddable":true,"href":"https:\/\/www.messinaoggi.it\/website\/wp-json\/wp\/v2\/users\/4"}],"replies":[{"embeddable":true,"href":"https:\/\/www.messinaoggi.it\/website\/wp-json\/wp\/v2\/comments?post=2931"}],"version-history":[{"count":0,"href":"https:\/\/www.messinaoggi.it\/website\/wp-json\/wp\/v2\/posts\/2931\/revisions"}],"wp:featuredmedia":[{"embeddable":true,"href":"https:\/\/www.messinaoggi.it\/website\/wp-json\/wp\/v2\/media\/2542"}],"wp:attachment":[{"href":"https:\/\/www.messinaoggi.it\/website\/wp-json\/wp\/v2\/media?parent=2931"}],"wp:term":[{"taxonomy":"category","embeddable":true,"href":"https:\/\/www.messinaoggi.it\/website\/wp-json\/wp\/v2\/categories?post=2931"},{"taxonomy":"post_tag","embeddable":true,"href":"https:\/\/www.messinaoggi.it\/website\/wp-json\/wp\/v2\/tags?post=2931"}],"curies":[{"name":"wp","href":"https:\/\/api.w.org\/{rel}","templated":true}]}}