{"id":29213,"date":"2019-02-06T12:38:06","date_gmt":"2019-02-06T11:38:06","guid":{"rendered":"http:\/\/www.messinaoggi.it\/website\/?p=29213"},"modified":"2019-02-06T12:38:06","modified_gmt":"2019-02-06T11:38:06","slug":"crisi-venezuela-salvatore-grillo-lars-tuteli-i-venezuelani-di-origine-siciliana","status":"publish","type":"post","link":"https:\/\/www.messinaoggi.it\/website\/2019\/02\/06\/crisi-venezuela-salvatore-grillo-lars-tuteli-i-venezuelani-di-origine-siciliana\/","title":{"rendered":"Crisi Venezuela, Salvatore Grillo: &quot;L&#039;Ars tuteli i venezuelani di origine siciliana&quot;"},"content":{"rendered":"<p lang=\"it-IT\">\u201c<span style=\"font-family: Arial, sans-serif\"><i>Di fronte a questa emergenza umanitaria il Parlamento Siciliano non pu\u00f2 rimanere in silenzio, motivo per cui lo invito ad esprimersi con una mozione di indirizzo con la quale dare, a nome del popolo siciliano, mandato politico al presidente Musumeci ad utilizzare i poteri che gli derivano dall\u2019articolo 21 dello Statuto speciale siciliano<\/i>\u201d. Cos\u00ec Salvatore Grillo, gi\u00e0 deputato all\u2019Ars e al Parlamento Nazionale e oggi tra i fondatori del Movimento \u201cSiciliani verso la Costituente\u201d, sollecitando il Parlamento Siciliano a prendere una chiara posizione sulla recente crisi del Venezuela al fine di tutelare i venezuelani originari della Sicilia: \u201c<i>Tramite l&#8217;invocazione di tale articolo si mira a chiedere al primo ministro Giuseppe Conte una riunione urgente del Consiglio dei Ministri per discutere delle condizioni delle popolazioni siciliane residenti in Venezuela che hanno il diritto ad essere tutelate nella loro vita e nei loro legittimi interessi economici e di esercizio delle libert\u00e0<\/i>\u201d.<\/span><div id=\"div-gpt-ad-Messinaoggi.it-DSK-300x250-corpoart\" style=\"text-align:center;margin:0 auto;\"><\/div><\/p>\n<p lang=\"it-IT\">\u201c<span style=\"font-family: Arial, sans-serif\"><i>Dalle comunit\u00e0 siciliane del Venezuela <\/i>\u2013 prosegue Grillo \u2013<i> ci giungono drammatiche testimonianze non solo del clima di violenza che persiste soprattutto nella capitale, ma anche della gravissima situazione economica che ormai colpisce la generalit\u00e0 delle famiglie ridotte spesso alla fame. <\/i><\/span><div id=\"videoincontent\" style=\"clear:both\";><\/div><\/p>\n<p lang=\"it-IT\"><span style=\"font-family: Arial, sans-serif\"><i>Oltre 10 milioni sono i cittadini venezuelani di origine italiana, un terzo della popolazione, e la comunit\u00e0 di origine siciliana \u00e8 tra le pi\u00f9 numerose. I siciliani in Venezuela ci raccontano di interruzioni di corrente elettrica sempre pi\u00f9 frequenti con disagi enormi, non solo per la vita ordinaria, ma soprattutto per quel poco di attivit\u00e0 produttiva esistente, mentre il deficit pubblico ha assunto dimensioni insostenibili, la svalutazione galoppa e scarseggiano i generi di prima necessit\u00e0. La comunit\u00e0 siciliana (come del resto tutta quella italiana) chiede un pronto e forte intervento internazionale per porre fine alla dittatura attraverso il ripristino della democrazia e della libert\u00e0, fattori indispensabili per fare riprendere le attivit\u00e0 economiche ormai ridotte a percentuali risibili<\/i>\u201d.<\/span><\/p>\n","protected":false},"excerpt":{"rendered":"<p>\u201cDi fronte a questa emergenza umanitaria il Parlamento Siciliano non pu\u00f2 rimanere in silenzio, motivo per cui lo invito ad esprimersi con una mozione di indirizzo con la quale dare, a nome del popolo siciliano, mandato politico al presidente Musumeci ad utilizzare i poteri che gli derivano dall\u2019articolo 21 dello Statuto speciale siciliano\u201d. Cos\u00ec Salvatore [&hellip;]<\/p>\n","protected":false},"author":8,"featured_media":29215,"comment_status":"closed","ping_status":"open","sticky":false,"template":"","format":"standard","meta":{"ub_ctt_via":"","_mi_skip_tracking":false},"categories":[11],"tags":[],"featured_image_src":"https:\/\/www.messinaoggi.it\/website\/wp-content\/uploads\/2019\/02\/scontri-venezuela.jpeg","author_info":{"display_name":"red..me","author_link":"https:\/\/www.messinaoggi.it\/website\/author\/redstage\/"},"digistream_id":0,"digistream":false,"_links":{"self":[{"href":"https:\/\/www.messinaoggi.it\/website\/wp-json\/wp\/v2\/posts\/29213"}],"collection":[{"href":"https:\/\/www.messinaoggi.it\/website\/wp-json\/wp\/v2\/posts"}],"about":[{"href":"https:\/\/www.messinaoggi.it\/website\/wp-json\/wp\/v2\/types\/post"}],"author":[{"embeddable":true,"href":"https:\/\/www.messinaoggi.it\/website\/wp-json\/wp\/v2\/users\/8"}],"replies":[{"embeddable":true,"href":"https:\/\/www.messinaoggi.it\/website\/wp-json\/wp\/v2\/comments?post=29213"}],"version-history":[{"count":0,"href":"https:\/\/www.messinaoggi.it\/website\/wp-json\/wp\/v2\/posts\/29213\/revisions"}],"wp:featuredmedia":[{"embeddable":true,"href":"https:\/\/www.messinaoggi.it\/website\/wp-json\/wp\/v2\/media\/29215"}],"wp:attachment":[{"href":"https:\/\/www.messinaoggi.it\/website\/wp-json\/wp\/v2\/media?parent=29213"}],"wp:term":[{"taxonomy":"category","embeddable":true,"href":"https:\/\/www.messinaoggi.it\/website\/wp-json\/wp\/v2\/categories?post=29213"},{"taxonomy":"post_tag","embeddable":true,"href":"https:\/\/www.messinaoggi.it\/website\/wp-json\/wp\/v2\/tags?post=29213"}],"curies":[{"name":"wp","href":"https:\/\/api.w.org\/{rel}","templated":true}]}}