{"id":29169,"date":"2019-02-04T19:13:38","date_gmt":"2019-02-04T18:13:38","guid":{"rendered":"http:\/\/www.messinaoggi.it\/website\/?p=29169"},"modified":"2019-02-04T19:13:38","modified_gmt":"2019-02-04T18:13:38","slug":"teatro-mandanici-composto-il-cast-di-dartagnan-e-i-tre-moschettieri","status":"publish","type":"post","link":"https:\/\/www.messinaoggi.it\/website\/2019\/02\/04\/teatro-mandanici-composto-il-cast-di-dartagnan-e-i-tre-moschettieri\/","title":{"rendered":"Teatro Mandanici: composto il cast di D&#039;Artagnan e i Tre Moschettieri"},"content":{"rendered":"<p>D\u2019Artagnan e i tre moschettieri prende\u00a0 vita. Il\u00a0 cast \u00e8 stato finalmente formato. Sono in 26. La pi\u00f9 piccola ha 14 anni, il pi\u00f9 grande 59.<br \/>\n<strong>Tindaro Accetta, Fabio Alosi, Simona Arnao, Eugenia Bavastrelli, Carolina Bucalo, Allegra Camuti, Gina Cattafi, Salvatore Cilona, Alessia Fiumene, Zaira Foti, Martina Genovese, Antonio Genovese, Samuela Giorgianni, Domenico Imbesi, Alberto Liga, Gaston Lucarelli, Roberta Macr\u00ec, Alessandra Maimone, Francesco Maniscalco, Marzia Mazzeo, Aurora Pettineo, Andrea Rappazzo, Chiara Salamone, Barbara Scorza, Dario Stroscio, Venera Trovato.<\/strong><br \/>\nSaranno loro i protagonisti dello spettacolo prodotto dal Comune di Barcellona Pozzo di Gotto e diretto da Sas\u00e0 Neri, che cura, con la squadra de \u201cLa Luna Obliqua\u201d, il laboratorio multidisciplinare, \u00a0il cui lavoro sar\u00e0 impreziosito dalla musica della\u00a0<strong>Banda musicale Placido Mandanici<\/strong>\u00a0 per un\u2019emozione in crescendo che travolger\u00e0 i presenti sin dalle prime battute.<div id=\"div-gpt-ad-Messinaoggi.it-DSK-300x250-corpoart\" style=\"text-align:center;margin:0 auto;\"><\/div><\/p>\n<div id=\"videoincontent\" style=\"clear:both\";><\/div>","protected":false},"excerpt":{"rendered":"<p>D\u2019Artagnan e i tre moschettieri prende\u00a0 vita. Il\u00a0 cast \u00e8 stato finalmente formato. Sono in 26. La pi\u00f9 piccola ha 14 anni, il pi\u00f9 grande 59. Tindaro Accetta, Fabio Alosi, Simona Arnao, Eugenia Bavastrelli, Carolina Bucalo, Allegra Camuti, Gina Cattafi, Salvatore Cilona, Alessia Fiumene, Zaira Foti, Martina Genovese, Antonio Genovese, Samuela Giorgianni, Domenico Imbesi, Alberto [&hellip;]<\/p>\n","protected":false},"author":5,"featured_media":544,"comment_status":"closed","ping_status":"open","sticky":false,"template":"","format":"standard","meta":{"ub_ctt_via":"","_mi_skip_tracking":false},"categories":[17],"tags":[],"featured_image_src":"https:\/\/www.messinaoggi.it\/website\/wp-content\/uploads\/2017\/05\/teatro_mandanici_barcellona-750x400-3.jpg","author_info":{"display_name":"Maria Antonella Saia","author_link":"https:\/\/www.messinaoggi.it\/website\/author\/m-saia\/"},"digistream_id":0,"digistream":false,"_links":{"self":[{"href":"https:\/\/www.messinaoggi.it\/website\/wp-json\/wp\/v2\/posts\/29169"}],"collection":[{"href":"https:\/\/www.messinaoggi.it\/website\/wp-json\/wp\/v2\/posts"}],"about":[{"href":"https:\/\/www.messinaoggi.it\/website\/wp-json\/wp\/v2\/types\/post"}],"author":[{"embeddable":true,"href":"https:\/\/www.messinaoggi.it\/website\/wp-json\/wp\/v2\/users\/5"}],"replies":[{"embeddable":true,"href":"https:\/\/www.messinaoggi.it\/website\/wp-json\/wp\/v2\/comments?post=29169"}],"version-history":[{"count":0,"href":"https:\/\/www.messinaoggi.it\/website\/wp-json\/wp\/v2\/posts\/29169\/revisions"}],"wp:featuredmedia":[{"embeddable":true,"href":"https:\/\/www.messinaoggi.it\/website\/wp-json\/wp\/v2\/media\/544"}],"wp:attachment":[{"href":"https:\/\/www.messinaoggi.it\/website\/wp-json\/wp\/v2\/media?parent=29169"}],"wp:term":[{"taxonomy":"category","embeddable":true,"href":"https:\/\/www.messinaoggi.it\/website\/wp-json\/wp\/v2\/categories?post=29169"},{"taxonomy":"post_tag","embeddable":true,"href":"https:\/\/www.messinaoggi.it\/website\/wp-json\/wp\/v2\/tags?post=29169"}],"curies":[{"name":"wp","href":"https:\/\/api.w.org\/{rel}","templated":true}]}}