{"id":29143,"date":"2019-02-04T12:57:20","date_gmt":"2019-02-04T11:57:20","guid":{"rendered":"http:\/\/www.messinaoggi.it\/website\/?p=29143"},"modified":"2019-02-04T12:57:20","modified_gmt":"2019-02-04T11:57:20","slug":"al-teatro-mandanici-in-arrivo-la-magia-de-la-vie-en-rose-bolero","status":"publish","type":"post","link":"https:\/\/www.messinaoggi.it\/website\/2019\/02\/04\/al-teatro-mandanici-in-arrivo-la-magia-de-la-vie-en-rose-bolero\/","title":{"rendered":"Al Teatro Mandanici in arrivo la magia de La vie en rose&#8230;Bolero"},"content":{"rendered":"<p>Trepidante attesa per La vie en rose\u2026Bolero, che andr\u00e0 in scena sabato 16, alle ore 19.00, e porter\u00e0 sul palco del Teatro Mandanici il Balletto di Milano. Caratterizzato dalla magia delle canzoni di Charles Aznavour, Edith Piaf, Jacques Brel, Ives Montand e su musica di M. Ravel. Il primo atto, \u201cLa vie en rose\u201d, sar\u00e0 un percorso ironico e nostalgico, gioioso, emozionante, danzato sulle pi\u00f9 belle canzoni francesi, che \u00e8 valso ad Adriana Mortelliti il Premio Rieti Danza come miglior coreografa. \u00a0Il secondo atto dal titolo \u201cBol\u00e9ro\u201d di Maurice Ravel sar\u00e0 \u00a0non solo gioco di seduzione, ma l\u2019eterna storia di una nascita, di un\u2019attrazione inevitabile verso un essere simile, di un moltiplicarsi di incontri. Una coreografia dinamica che cresce con la musica e culmina nel finale sensazionale.<br \/>\n<img loading=\"lazy\" class=\"alignnone size-medium wp-image-29136\" src=\"http:\/\/www.messinaoggi.it\/website\/wp-content\/uploads\/2019\/02\/foto-3-Balletto-di-Milano-La-vie-en-rose-ph-Carla-Moro-e-Aurelio-Dessi-3-300x200.jpg\" alt=\"\" width=\"300\" height=\"200\" \/><br \/>\nAnche per \u201cLa vie en rose \u2026 Bolero\u201d, inoltre, si prevedono sconti, grazie alla disponibilit\u00e0 del Balletto di Milano. Sono previste riduzioni per gli under 18 anni e gli over 65 anni, ma anche per le scuole di danza.<br \/>\nDi seguito tutti i prezzi: per poltronissima e primo settore biglietto intero a 38,50 euro, ridotto a 36,30 euro, per il secondo settore intero a 36,30 euro, ridotto a 30,80 euro, per la galleria intero a 25,30 euro e ridotto a 20,90 euro, per il terzo settore intero a 23,10 euro e ridotto a 18,70.<br \/>\nI biglietti, interi e scontati, sono gi\u00e0 in prevendita nel circuito Tickettando \u2013 TicketOne.<br \/>\n<img loading=\"lazy\" class=\"alignnone size-medium wp-image-29137\" src=\"http:\/\/www.messinaoggi.it\/website\/wp-content\/uploads\/2019\/02\/fto-2-Balletto-di-Milano-La-vie-en-rose-ph-Carla-Moro-e-Aurelio-Dessi-6-300x200.jpg\" alt=\"\" width=\"300\" height=\"200\" \/><br \/>\nIl botteghino del Teatro (tel. 3316703392) \u00e8 aperto dal luned\u00ec al venerd\u00ec dalle ore 10 alle ore 13 e nei giorni di marted\u00ec e gioved\u00ec anche dalle ore 15:30 alle ore 18:30.<br \/>\nInoltre, \u00e8 possibile acquistare i biglietti anche con il bonus cultura e 18App.<br \/>\nUn evento ricco di magia e di sensualit\u00e0, \u00a0dunque, che travolger\u00e0 i\u00a0 presenti sin dalle\u00a0 primissime note.<br \/>\n <br \/>\n <div id=\"div-gpt-ad-Messinaoggi.it-DSK-300x250-corpoart\" style=\"text-align:center;margin:0 auto;\"><\/div><\/p>\n<div id=\"videoincontent\" style=\"clear:both\";><\/div>","protected":false},"excerpt":{"rendered":"<p>Trepidante attesa per La vie en rose\u2026Bolero, che andr\u00e0 in scena sabato 16, alle ore 19.00, e porter\u00e0 sul palco del Teatro Mandanici il Balletto di Milano. Caratterizzato dalla magia delle canzoni di Charles Aznavour, Edith Piaf, Jacques Brel, Ives Montand e su musica di M. Ravel. Il primo atto, \u201cLa vie en rose\u201d, sar\u00e0 [&hellip;]<\/p>\n","protected":false},"author":5,"featured_media":29135,"comment_status":"closed","ping_status":"open","sticky":false,"template":"","format":"standard","meta":{"ub_ctt_via":"","_mi_skip_tracking":false},"categories":[17],"tags":[],"featured_image_src":"https:\/\/www.messinaoggi.it\/website\/wp-content\/uploads\/2019\/02\/foto-1-Balletto-di-Milano-La-vie-en-rose-ph-Carla-Moro-e-Aurelio-Dessi-5.jpg","author_info":{"display_name":"Maria Antonella Saia","author_link":"https:\/\/www.messinaoggi.it\/website\/author\/m-saia\/"},"digistream_id":0,"digistream":false,"_links":{"self":[{"href":"https:\/\/www.messinaoggi.it\/website\/wp-json\/wp\/v2\/posts\/29143"}],"collection":[{"href":"https:\/\/www.messinaoggi.it\/website\/wp-json\/wp\/v2\/posts"}],"about":[{"href":"https:\/\/www.messinaoggi.it\/website\/wp-json\/wp\/v2\/types\/post"}],"author":[{"embeddable":true,"href":"https:\/\/www.messinaoggi.it\/website\/wp-json\/wp\/v2\/users\/5"}],"replies":[{"embeddable":true,"href":"https:\/\/www.messinaoggi.it\/website\/wp-json\/wp\/v2\/comments?post=29143"}],"version-history":[{"count":0,"href":"https:\/\/www.messinaoggi.it\/website\/wp-json\/wp\/v2\/posts\/29143\/revisions"}],"wp:featuredmedia":[{"embeddable":true,"href":"https:\/\/www.messinaoggi.it\/website\/wp-json\/wp\/v2\/media\/29135"}],"wp:attachment":[{"href":"https:\/\/www.messinaoggi.it\/website\/wp-json\/wp\/v2\/media?parent=29143"}],"wp:term":[{"taxonomy":"category","embeddable":true,"href":"https:\/\/www.messinaoggi.it\/website\/wp-json\/wp\/v2\/categories?post=29143"},{"taxonomy":"post_tag","embeddable":true,"href":"https:\/\/www.messinaoggi.it\/website\/wp-json\/wp\/v2\/tags?post=29143"}],"curies":[{"name":"wp","href":"https:\/\/api.w.org\/{rel}","templated":true}]}}