{"id":29084,"date":"2019-02-02T11:09:27","date_gmt":"2019-02-02T10:09:27","guid":{"rendered":"http:\/\/www.messinaoggi.it\/website\/?p=29084"},"modified":"2019-02-02T11:09:27","modified_gmt":"2019-02-02T10:09:27","slug":"citta-metropolitana-in-campo-la-uil-fpl-de-luca-non-provochi-sulla-pelle-dei-lavoratori","status":"publish","type":"post","link":"https:\/\/www.messinaoggi.it\/website\/2019\/02\/02\/citta-metropolitana-in-campo-la-uil-fpl-de-luca-non-provochi-sulla-pelle-dei-lavoratori\/","title":{"rendered":"Citt\u00e0 Metropolitana, in campo la Uil-Fpl: &quot;De Luca non provochi sulla pelle dei lavoratori&quot;"},"content":{"rendered":"<p class=\"p1\" style=\"text-align: justify;\"><span class=\"s1\">La UIL FPL chiede l\u2019immediata revoca degli atti d\u2019indirizzo n. 188 del 29 gennaio e 233 del 1. febbraio 2019 da parte del sindaco della Citt\u00e0 Metropolitana, on. <b>Cateno De Luca<\/b>. E\u2019 quanto chiedono <b>Pippo Calapai<\/b>, segretario generale Uil-Fpl Messina, <b>Maurizio Giliberto<\/b>, responsabile provinciale, <b>Francesco Vento<\/b>, Rsu e <b>Giovanni Risitano<\/b>, responsabile aziendale.<\/span><div id=\"div-gpt-ad-Messinaoggi.it-DSK-300x250-corpoart\" style=\"text-align:center;margin:0 auto;\"><\/div><\/p>\n<p class=\"p1\" style=\"text-align: justify;\"><span class=\"s1\">\u201c<i>E\u2019 inammissibile che una provocazione al governo Regionale e Nazionale sia fatta sulla pelle dei lavoratori della Citt\u00e0 Metropolitana comunicando il blocco delle attivit\u00e0 gestionali ed il blocco degli stipendi. Si rileva che gli atti di indirizzo al di l\u00e0 della provocazione appaiano illegittimi in quanto il blocco degli stipendi rappresenta una violazione degli obblighi contrattuali, e il blocco delle attivit\u00e0 amministrative potrebbe configurare interruzione di pubblico servizio. Come pi\u00f9 volte ribadito ci saremmo aspettati un intervento deciso per evitare il rischio di dissesto finanziario della Citt\u00e0 Metropolitana, al pari dell\u2019impegno profuso per il Comune di Messina che versa in condizioni finanziarie critiche. Il totale disimpegno mostrato dal Sindaco nei confronti della Citt\u00e0 Metropolitana non pu\u00f2 essere colmato con semplici provocazioni ma ci saremmo aspettati un intervento volto a risaltare\u00a0 l\u2019importanza delle attivit\u00e0 svolte dall\u2019Ente a favore dei cittadini, come l\u2019edilizia scolastica, assistenza disabili, mobilit\u00e0 strade provinciali, promozione e coordinamento dello sviluppo economico e sociale nel territorio metropolitano ecc<\/i>\u201d.<\/span><div id=\"videoincontent\" style=\"clear:both\";><\/div><\/p>\n<p class=\"p1\" style=\"text-align: justify;\"><span class=\"s1\">I sindacalisti della Uil-Fpl concludono la nota chiedendo anche l\u2019intervento della deputazione nazionale e regionale. \u201c<i>Al di l\u00e0 del clamore mediatico che possa suscitare l\u2019intervento del sindaco, rimane il diritto dei lavoratori ad avere, in questo momento di incertezza, la serenit\u00e0 di non essere penalizzati, per primi, per scelte politiche scellerate di cui non hanno nessuna responsabilit\u00e0. Pertanto, si chiede al sindaco di attuare\u00a0 lo stesso impegno mediatico anche a livello nazionale che ha avuto per il Comune di Messina.\u00a0 Lo stesso invito \u00e8 rivolto sia alla deputazione Nazionale che Regionale perch\u00e9 nessuno si pu\u00f2 sottrarre in questo momento al dovere di mantenere servizi e livelli occupazionali in un territorio gi\u00e0 fortemente penalizzato dalla crisi economica<\/i>\u201d.<\/span><\/p>\n","protected":false},"excerpt":{"rendered":"<p>La UIL FPL chiede l\u2019immediata revoca degli atti d\u2019indirizzo n. 188 del 29 gennaio e 233 del 1. febbraio 2019 da parte del sindaco della Citt\u00e0 Metropolitana, on. Cateno De Luca. E\u2019 quanto chiedono Pippo Calapai, segretario generale Uil-Fpl Messina, Maurizio Giliberto, responsabile provinciale, Francesco Vento, Rsu e Giovanni Risitano, responsabile aziendale. \u201cE\u2019 inammissibile che [&hellip;]<\/p>\n","protected":false},"author":2,"featured_media":28913,"comment_status":"closed","ping_status":"open","sticky":false,"template":"","format":"standard","meta":{"ub_ctt_via":"","_mi_skip_tracking":false},"categories":[6],"tags":[],"featured_image_src":"https:\/\/www.messinaoggi.it\/website\/wp-content\/uploads\/2019\/01\/F7797A13-1E57-4F49-B12B-C5CEE39D67A4.jpeg","author_info":{"display_name":"Redazione","author_link":"https:\/\/www.messinaoggi.it\/website\/author\/redazione\/"},"digistream_id":0,"digistream":false,"_links":{"self":[{"href":"https:\/\/www.messinaoggi.it\/website\/wp-json\/wp\/v2\/posts\/29084"}],"collection":[{"href":"https:\/\/www.messinaoggi.it\/website\/wp-json\/wp\/v2\/posts"}],"about":[{"href":"https:\/\/www.messinaoggi.it\/website\/wp-json\/wp\/v2\/types\/post"}],"author":[{"embeddable":true,"href":"https:\/\/www.messinaoggi.it\/website\/wp-json\/wp\/v2\/users\/2"}],"replies":[{"embeddable":true,"href":"https:\/\/www.messinaoggi.it\/website\/wp-json\/wp\/v2\/comments?post=29084"}],"version-history":[{"count":0,"href":"https:\/\/www.messinaoggi.it\/website\/wp-json\/wp\/v2\/posts\/29084\/revisions"}],"wp:featuredmedia":[{"embeddable":true,"href":"https:\/\/www.messinaoggi.it\/website\/wp-json\/wp\/v2\/media\/28913"}],"wp:attachment":[{"href":"https:\/\/www.messinaoggi.it\/website\/wp-json\/wp\/v2\/media?parent=29084"}],"wp:term":[{"taxonomy":"category","embeddable":true,"href":"https:\/\/www.messinaoggi.it\/website\/wp-json\/wp\/v2\/categories?post=29084"},{"taxonomy":"post_tag","embeddable":true,"href":"https:\/\/www.messinaoggi.it\/website\/wp-json\/wp\/v2\/tags?post=29084"}],"curies":[{"name":"wp","href":"https:\/\/api.w.org\/{rel}","templated":true}]}}