{"id":29060,"date":"2019-02-01T18:57:56","date_gmt":"2019-02-01T17:57:56","guid":{"rendered":"http:\/\/www.messinaoggi.it\/website\/?p=29060"},"modified":"2019-02-01T18:57:56","modified_gmt":"2019-02-01T17:57:56","slug":"ex-provincia-de-luca-mette-in-ferie-700-dipendenti","status":"publish","type":"post","link":"https:\/\/www.messinaoggi.it\/website\/2019\/02\/01\/ex-provincia-de-luca-mette-in-ferie-700-dipendenti\/","title":{"rendered":"Ex Provincia, De Luca mette in ferie 700 dipendenti"},"content":{"rendered":"<p lang=\"it-IT\" style=\"text-align: justify;\" align=\"LEFT\"><span style=\"color: #000000;\"><span style=\"font-family: Arial, sans-serif;\"><span style=\"font-size: medium;\">Ferie d&#8217;ufficio per 700 degli 840 dipendenti a partire da luned\u00ec 11 febbraio: \u00e8 questa la decisione presa dal sindaco metropolitano Cateno De Luca con riferimento alla chiusura di Palazzo dei Leoni, proseguendo dunque la propria protesta contro la Regione e lo Stato, accusati entrambi dal primo cittadino della grave situazione finanziaria in cui versa l&#8217;ex Provincia. In particolare, la decisione \u00e8 stata presa stamani nell&#8217;ambito di una riunione che si \u00e8 svolta a Palazzo dei Leoni, alla quale hanno preso parte anche il commissario straordinario con i poteri del Consiglio Filippo Ribaudo, il segretario generale Maria Angela Caponetti, i revisori dei conti Vincenzo Calogero Catalano, Luigi Tricoli ed Aldo Giuseppe Cin\u00e0 e il responsabile dell&#8217;ufficio finanziario Massimo Ranieri: scopo dell&#8217;incontro era infatti quello di perfezionare ulteriori azioni di protesta nei confronti dell&#8217;esecutivo regionale e nazionale. I restanti 140 dipendenti resteranno in servizio per garantire i servizi essenziali quali la Protezione Civile e parte della Polizia metropolitana.<\/span><\/span><\/span><div id=\"div-gpt-ad-Messinaoggi.it-DSK-300x250-corpoart\" style=\"text-align:center;margin:0 auto;\"><\/div><\/p>\n<p lang=\"it-IT\" style=\"text-align: justify;\" align=\"LEFT\"><span style=\"color: #000000;\">\u201c<span style=\"font-family: Arial, sans-serif;\"><span style=\"font-size: medium;\"><i>Si tratta di una situazione paradossale <\/i>\u2013 ha dichiarato il sindaco metropolitano De Luca \u2013<i> determinata dal meccanismo diabolico del prelievo forzoso attuato per contribuire al risanamento del debito pubblico ed in cui l&#8217;esclusivo creditore \u00e8 lo Stato. Oggi ci ritroviamo uno squilibrio di 12 milioni di euro per l&#8217;anno 2018 che rischia di far saltare circa 300 milioni di euro di investimenti. Non dimentichiamo che la Citt\u00e0 Metropolitana non \u00e8 soltanto il soggetto attuatore del Masterplan a titolarit\u00e0 dei vari Comuni della provincia ma \u00e8 anche il soggetto principale dei progetti di propria titolarit\u00e0. Qualora la situazione dovesse perdurare il passo conclusivo e inevitabile sar\u00e0 quello della dichiarazione di dissesto che verr\u00e0 concretizzato entro il mese di febbraio<\/i>\u201d.<\/span><\/span><\/span><div id=\"videoincontent\" style=\"clear:both\";><\/div><\/p>\n","protected":false},"excerpt":{"rendered":"<p>Ferie d&#8217;ufficio per 700 degli 840 dipendenti a partire da luned\u00ec 11 febbraio: \u00e8 questa la decisione presa dal sindaco metropolitano Cateno De Luca con riferimento alla chiusura di Palazzo dei Leoni, proseguendo dunque la propria protesta contro la Regione e lo Stato, accusati entrambi dal primo cittadino della grave situazione finanziaria in cui versa [&hellip;]<\/p>\n","protected":false},"author":8,"featured_media":29061,"comment_status":"closed","ping_status":"open","sticky":false,"template":"","format":"standard","meta":{"ub_ctt_via":"","_mi_skip_tracking":false},"categories":[4],"tags":[],"featured_image_src":"https:\/\/www.messinaoggi.it\/website\/wp-content\/uploads\/2019\/02\/ferie-dufficio-dipendenti-ex-Provincia.jpg","author_info":{"display_name":"red..me","author_link":"https:\/\/www.messinaoggi.it\/website\/author\/redstage\/"},"digistream_id":0,"digistream":false,"_links":{"self":[{"href":"https:\/\/www.messinaoggi.it\/website\/wp-json\/wp\/v2\/posts\/29060"}],"collection":[{"href":"https:\/\/www.messinaoggi.it\/website\/wp-json\/wp\/v2\/posts"}],"about":[{"href":"https:\/\/www.messinaoggi.it\/website\/wp-json\/wp\/v2\/types\/post"}],"author":[{"embeddable":true,"href":"https:\/\/www.messinaoggi.it\/website\/wp-json\/wp\/v2\/users\/8"}],"replies":[{"embeddable":true,"href":"https:\/\/www.messinaoggi.it\/website\/wp-json\/wp\/v2\/comments?post=29060"}],"version-history":[{"count":0,"href":"https:\/\/www.messinaoggi.it\/website\/wp-json\/wp\/v2\/posts\/29060\/revisions"}],"wp:featuredmedia":[{"embeddable":true,"href":"https:\/\/www.messinaoggi.it\/website\/wp-json\/wp\/v2\/media\/29061"}],"wp:attachment":[{"href":"https:\/\/www.messinaoggi.it\/website\/wp-json\/wp\/v2\/media?parent=29060"}],"wp:term":[{"taxonomy":"category","embeddable":true,"href":"https:\/\/www.messinaoggi.it\/website\/wp-json\/wp\/v2\/categories?post=29060"},{"taxonomy":"post_tag","embeddable":true,"href":"https:\/\/www.messinaoggi.it\/website\/wp-json\/wp\/v2\/tags?post=29060"}],"curies":[{"name":"wp","href":"https:\/\/api.w.org\/{rel}","templated":true}]}}