{"id":29047,"date":"2019-02-01T10:37:35","date_gmt":"2019-02-01T09:37:35","guid":{"rendered":"http:\/\/www.messinaoggi.it\/website\/?p=29047"},"modified":"2019-02-01T10:37:35","modified_gmt":"2019-02-01T09:37:35","slug":"ponte-sullo-stretto-articolo-uno-insensato-parlarne-pensare-invece-alla-viabilita","status":"publish","type":"post","link":"https:\/\/www.messinaoggi.it\/website\/2019\/02\/01\/ponte-sullo-stretto-articolo-uno-insensato-parlarne-pensare-invece-alla-viabilita\/","title":{"rendered":"Ponte sullo Stretto, Articolo UNO: &quot;Insensato parlarne. Pensare invece alla viabilit\u00e0&quot;"},"content":{"rendered":"<p align=\"JUSTIFY\"><span style=\"color: #00000a\"><span style=\"color: #000000\">\u201c<\/span><span style=\"font-family: Arial, sans-serif\"><span style=\"font-size: medium\"><span style=\"color: #000000\"><i>Come si fa ancora a parlare di ponte in un contesto in cui la viabilit\u00e0 primaria e secondaria \u00e8 in condizioni vergognose?<\/i><\/span><span style=\"color: #000000\">\u201d. \u00c8 quanto si chiede il coordinatore provinciale di Articolo UNO, <\/span><span style=\"color: #000000\"><b>Domenico Siracusano<\/b><\/span><span style=\"color: #000000\">, con riferimento alle recenti dichiarazioni del sindaco Cateno De Luca, secondo le quali il primo cittadino sarebbe intenzionato a realizzare il nuovo Piano regolatore generale tenendo conto del Ponte sullo Stretto, opera attualmente inesistente n\u00e9 tantomeno prevista nei piani dell&#8217;attuale Governo nazionale. \u201c<\/span><span style=\"color: #000000\"><i>Le reti stradali e ferroviarie <\/i><\/span><span style=\"color: #000000\">\u2013 prosegue Siracusano \u2013<\/span><span style=\"color: #000000\"><i> sono arretrate e pericolose, e la fragilit\u00e0 del suolo e il dissesto idrogeologico di coste e colline rappresentano una bomba ad orologeria per la sicurezza dei cittadini: si muore in autostrada e si muore di maltempo. In tal senso, le risorse andrebbero in primo luogo orientate ed impegnate in opere di salvaguardia del territorio come precondizioni per uno sviluppo possibile<\/i><\/span><span style=\"color: #000000\">\u201d.<\/span><\/span><\/span><\/span><div id=\"div-gpt-ad-Messinaoggi.it-DSK-300x250-corpoart\" style=\"text-align:center;margin:0 auto;\"><\/div><\/p>\n<p align=\"JUSTIFY\"><span style=\"color: #00000a\"><span style=\"color: #000000\">\u201c<\/span><span style=\"font-family: Arial, sans-serif\"><span style=\"font-size: medium\"><span style=\"color: #000000\"><i>In secondo luogo, <\/i><\/span><span style=\"color: #000000\">\u2013 prosegue il coordinatore provinciale di Articolo UNO \u2013<\/span><span style=\"color: #000000\"><i> occorre fondare la visione del futuro della citt\u00e0 metropolitana di Messina su sviluppo sostenibile, riconversione energetica ed economia circolare, nella consapevolezza che i posti di lavoro \u201cverdi\u201d sono 10 volte superiori a quelli creati dall\u2019economia tradizionale stando a un recente studio condotto dal centro per la ricerca energetica inglese (Ukerc). <\/i><\/span><i>Dentro questa visione \u00e8 strategico un ritrovato rapporto con il mare, che da problema <\/i><span style=\"color: #000000\"><i>da oltrepassare con un ponte deve diventare risorsa decisiva per lo sviluppo: pesca, turismo, attivit\u00e0 di trasformazione, collegamenti e navigazione, cultura, produzione innovativa di energia sono alcune delle occasioni di crescita che, se messe a sistema, possono costruire una visione concreta di futuro che guardi alle buone pratiche di tante citt\u00e0 europee e del Mediterraneo<\/i><\/span><span style=\"color: #000000\">\u201d.<\/span><\/span><\/span><\/span><div id=\"videoincontent\" style=\"clear:both\";><\/div><\/p>\n<p align=\"JUSTIFY\"><span style=\"color: #00000a\"><span style=\"color: #000000\">\u201c<\/span><span style=\"font-family: Arial, sans-serif\"><span style=\"font-size: medium\"><span style=\"color: #000000\"><i>Occorre mettere in campo un&#8217;alternativa per Messina<\/i><\/span><span style=\"color: #000000\"> \u2013 conclude Siracusano \u2013 <\/span><span style=\"color: #000000\"><i>che riparta innanzitutto da una idea di sviluppo condivisa e avanzata. Per questo siamo impegnati a sfidare posizioni vecchie e di retroguardia come quelle di chi in questo momento \u00e8 chiamato a guidare la citt\u00e0 ma soprattutto vogliamo interpellare tutte le forze progressiste e civiche che vogliono immaginare una citt\u00e0 capace di futuro<\/i><\/span><span style=\"color: #000000\">\u201d.<\/span><\/span><\/span><\/span><\/p>\n","protected":false},"excerpt":{"rendered":"<p>\u201cCome si fa ancora a parlare di ponte in un contesto in cui la viabilit\u00e0 primaria e secondaria \u00e8 in condizioni vergognose?\u201d. \u00c8 quanto si chiede il coordinatore provinciale di Articolo UNO, Domenico Siracusano, con riferimento alle recenti dichiarazioni del sindaco Cateno De Luca, secondo le quali il primo cittadino sarebbe intenzionato a realizzare il [&hellip;]<\/p>\n","protected":false},"author":8,"featured_media":3008,"comment_status":"closed","ping_status":"open","sticky":false,"template":"","format":"standard","meta":{"ub_ctt_via":"","_mi_skip_tracking":false},"categories":[4],"tags":[],"featured_image_src":"https:\/\/www.messinaoggi.it\/website\/wp-content\/uploads\/2017\/06\/Stretto-di-Messina-2.jpg","author_info":{"display_name":"red..me","author_link":"https:\/\/www.messinaoggi.it\/website\/author\/redstage\/"},"digistream_id":0,"digistream":false,"_links":{"self":[{"href":"https:\/\/www.messinaoggi.it\/website\/wp-json\/wp\/v2\/posts\/29047"}],"collection":[{"href":"https:\/\/www.messinaoggi.it\/website\/wp-json\/wp\/v2\/posts"}],"about":[{"href":"https:\/\/www.messinaoggi.it\/website\/wp-json\/wp\/v2\/types\/post"}],"author":[{"embeddable":true,"href":"https:\/\/www.messinaoggi.it\/website\/wp-json\/wp\/v2\/users\/8"}],"replies":[{"embeddable":true,"href":"https:\/\/www.messinaoggi.it\/website\/wp-json\/wp\/v2\/comments?post=29047"}],"version-history":[{"count":0,"href":"https:\/\/www.messinaoggi.it\/website\/wp-json\/wp\/v2\/posts\/29047\/revisions"}],"wp:featuredmedia":[{"embeddable":true,"href":"https:\/\/www.messinaoggi.it\/website\/wp-json\/wp\/v2\/media\/3008"}],"wp:attachment":[{"href":"https:\/\/www.messinaoggi.it\/website\/wp-json\/wp\/v2\/media?parent=29047"}],"wp:term":[{"taxonomy":"category","embeddable":true,"href":"https:\/\/www.messinaoggi.it\/website\/wp-json\/wp\/v2\/categories?post=29047"},{"taxonomy":"post_tag","embeddable":true,"href":"https:\/\/www.messinaoggi.it\/website\/wp-json\/wp\/v2\/tags?post=29047"}],"curies":[{"name":"wp","href":"https:\/\/api.w.org\/{rel}","templated":true}]}}