{"id":29015,"date":"2019-01-31T18:10:58","date_gmt":"2019-01-31T17:10:58","guid":{"rendered":"http:\/\/www.messinaoggi.it\/website\/?p=29015"},"modified":"2019-01-31T18:10:58","modified_gmt":"2019-01-31T17:10:58","slug":"in-arrivo-lalbum-duepuntozero-la-rinascita-musicale-di-cabrio","status":"publish","type":"post","link":"https:\/\/www.messinaoggi.it\/website\/2019\/01\/31\/in-arrivo-lalbum-duepuntozero-la-rinascita-musicale-di-cabrio\/","title":{"rendered":"In arrivo l&#039;album Duepuntozero: la rinascita musicale di Cabrio"},"content":{"rendered":"<p>Il cantautore messinese \u00a0Angelo \u00a0Soraci, in arte Cabrio, torna al suo pubblico con\u00a0 un nuovo album dal titolo \u201cDuepuntozero\u201d, che uscir\u00e0 a marzo, ma gi\u00e0 da met\u00e0 febbraio\u00a0 sar\u00e0 possibile ascoltare\u00a0 su tutti gli store online il singolo apripista<em> dal titolo\u201cPenso a lei\u201d.<\/em><br \/>\nDi concezione indie, \u00e8 un disco volutamente \u201csfacciato\u201d, privato ma non introspettivo, dove si raccontano eventi e fatti realmente accaduti, in cui \u00e8 facile rispecchiarsi. Produttore esecutivo del disco \u2013 che contiene cinque brani inediti, due dei quali scritti dallo stesso Cabrio; gli altri tre, invece, portano la firma di Marcello Ubertone \u2013 \u00e8 lo stesso cantautore; il direttore artistico \u00e8 Sante Rutigliano, mentre il mastering \u00e8 stato affidato a Giovanni Versari (firma italiana nell\u2019ultimo album dei Muse). \u201cPenso a lei\u201d \u00e8 il primo singolo estratto dall&#8217;album,<br \/>\n\u00abHo scelto un titolo che segnasse la mia rinascita musicale\u00bb, spiega Cabrio. \u00abIl passato \u00e8 stato bello, pieno di collaborazioni, esperienze e grandi soddisfazioni. Adesso ascoltate questo e ditemi che ve ne pare\u00bb.<br \/>\n<em>\u00a0<\/em><br \/>\n <br \/>\n <div id=\"div-gpt-ad-Messinaoggi.it-DSK-300x250-corpoart\" style=\"text-align:center;margin:0 auto;\"><\/div><\/p>\n<div id=\"videoincontent\" style=\"clear:both\";><\/div>","protected":false},"excerpt":{"rendered":"<p>Il cantautore messinese \u00a0Angelo \u00a0Soraci, in arte Cabrio, torna al suo pubblico con\u00a0 un nuovo album dal titolo \u201cDuepuntozero\u201d, che uscir\u00e0 a marzo, ma gi\u00e0 da met\u00e0 febbraio\u00a0 sar\u00e0 possibile ascoltare\u00a0 su tutti gli store online il singolo apripista dal titolo\u201cPenso a lei\u201d. Di concezione indie, \u00e8 un disco volutamente \u201csfacciato\u201d, privato ma non introspettivo, [&hellip;]<\/p>\n","protected":false},"author":5,"featured_media":29016,"comment_status":"closed","ping_status":"open","sticky":false,"template":"","format":"standard","meta":{"ub_ctt_via":"","_mi_skip_tracking":false},"categories":[16],"tags":[],"featured_image_src":"https:\/\/www.messinaoggi.it\/website\/wp-content\/uploads\/2019\/01\/cabrio.jpg","author_info":{"display_name":"Maria Antonella Saia","author_link":"https:\/\/www.messinaoggi.it\/website\/author\/m-saia\/"},"digistream_id":0,"digistream":false,"_links":{"self":[{"href":"https:\/\/www.messinaoggi.it\/website\/wp-json\/wp\/v2\/posts\/29015"}],"collection":[{"href":"https:\/\/www.messinaoggi.it\/website\/wp-json\/wp\/v2\/posts"}],"about":[{"href":"https:\/\/www.messinaoggi.it\/website\/wp-json\/wp\/v2\/types\/post"}],"author":[{"embeddable":true,"href":"https:\/\/www.messinaoggi.it\/website\/wp-json\/wp\/v2\/users\/5"}],"replies":[{"embeddable":true,"href":"https:\/\/www.messinaoggi.it\/website\/wp-json\/wp\/v2\/comments?post=29015"}],"version-history":[{"count":0,"href":"https:\/\/www.messinaoggi.it\/website\/wp-json\/wp\/v2\/posts\/29015\/revisions"}],"wp:featuredmedia":[{"embeddable":true,"href":"https:\/\/www.messinaoggi.it\/website\/wp-json\/wp\/v2\/media\/29016"}],"wp:attachment":[{"href":"https:\/\/www.messinaoggi.it\/website\/wp-json\/wp\/v2\/media?parent=29015"}],"wp:term":[{"taxonomy":"category","embeddable":true,"href":"https:\/\/www.messinaoggi.it\/website\/wp-json\/wp\/v2\/categories?post=29015"},{"taxonomy":"post_tag","embeddable":true,"href":"https:\/\/www.messinaoggi.it\/website\/wp-json\/wp\/v2\/tags?post=29015"}],"curies":[{"name":"wp","href":"https:\/\/api.w.org\/{rel}","templated":true}]}}