{"id":28963,"date":"2019-01-30T15:45:06","date_gmt":"2019-01-30T14:45:06","guid":{"rendered":"http:\/\/www.messinaoggi.it\/website\/?p=28963"},"modified":"2019-01-30T15:45:06","modified_gmt":"2019-01-30T14:45:06","slug":"la-messinese-angela-raffa-eletta-segretaria-della-bicamerale-sul-federalismo-fiscale","status":"publish","type":"post","link":"https:\/\/www.messinaoggi.it\/website\/2019\/01\/30\/la-messinese-angela-raffa-eletta-segretaria-della-bicamerale-sul-federalismo-fiscale\/","title":{"rendered":"La messinese Angela Raffa eletta segretaria della Bicamerale sul Federalismo fiscale"},"content":{"rendered":"<p class=\"p1\"><span class=\"s1\">La deputata messinese Angela Raffa (M5S) \u00e8 stata eletta, oggi, mercoled\u00ec 30 Gennaio,\u00a0come Segretaria nell&#8217;Ufficio di Presidenza della Commissione Bicamerale sull\u2019attuazione del Federalismo Fiscale.<\/span><div id=\"div-gpt-ad-Messinaoggi.it-DSK-300x250-corpoart\" style=\"text-align:center;margin:0 auto;\"><\/div><\/p>\n<p class=\"p1\"><span class=\"s1\">&#8220;\u00c8 passato il momento in cui il federalismo fiscale era al centro del dibattito politico. Oggi &#8211; dichiara Angela Raffa &#8211;\u00a0 \u00e8 una grande incompiuta. Io sono siciliana ed il federalismo fiscale, una incompiuta, lo \u00e8 ancora di pi\u00f9 nella mia terra. Dove gi\u00e0 da prima, un grande Statuto di autonomia aveva dato ampi poteri fiscali alla regione, poi quasi del tutto disattesi. Capire cosa non ha funzionato, perch\u00e9 certe previsioni legislative poi non riescono a tramutarsi in realt\u00e0, indicare una strada ed una via, diventa quello che vuole essere il mio obbiettivo. Il federalismo fiscale pu\u00f2 essere una risorsa positiva per il paese, ma solo se poi non resta lettera morta, se non porta gli enti locali al dissesto, se le regole della finanza non obbligano i piccoli comuni ad adempimenti oggettivamente troppo onerosi.&#8221;<\/span><div id=\"videoincontent\" style=\"clear:both\";><\/div><\/p>\n<p class=\"p1\"><span class=\"s1\">Completano l&#8217;Ufficio di Presidenza il deputato Invernizzi Cristian (Lega) in qualit\u00e0 di Presidente,\u00a0 Il sen. Presutto Vincenzo (M5S) in qualit\u00e0 di Vicepresidente, il deputato Russo Paolo (FI) nel ruolo di Vicepresidente Vicario, e il deputato Osnato Marco (Fratelli d\u2019Italia)<\/span><\/p>\n<p class=\"p1\"><span class=\"s1\">Auspicando che vorrete dare alla notizia l\u2019attenzione che riterrete opportuna, mi pregio di inviare cordiale saluti,<\/span><\/p>\n<p class=\"p1\"><span class=\"s1\">Angela Raffa<\/span><\/p>\n<p class=\"p1\"><span class=\"s1\">M5S &#8211; Camera<\/span><\/p>\n","protected":false},"excerpt":{"rendered":"<p>La deputata messinese Angela Raffa (M5S) \u00e8 stata eletta, oggi, mercoled\u00ec 30 Gennaio,\u00a0come Segretaria nell&#8217;Ufficio di Presidenza della Commissione Bicamerale sull\u2019attuazione del Federalismo Fiscale. &#8220;\u00c8 passato il momento in cui il federalismo fiscale era al centro del dibattito politico. Oggi &#8211; dichiara Angela Raffa &#8211;\u00a0 \u00e8 una grande incompiuta. Io sono siciliana ed il federalismo [&hellip;]<\/p>\n","protected":false},"author":2,"featured_media":28964,"comment_status":"closed","ping_status":"open","sticky":false,"template":"","format":"standard","meta":{"ub_ctt_via":"","_mi_skip_tracking":false},"categories":[4],"tags":[],"featured_image_src":"https:\/\/www.messinaoggi.it\/website\/wp-content\/uploads\/2019\/01\/Raffa-4-copia.jpg","author_info":{"display_name":"Redazione","author_link":"https:\/\/www.messinaoggi.it\/website\/author\/redazione\/"},"digistream_id":0,"digistream":false,"_links":{"self":[{"href":"https:\/\/www.messinaoggi.it\/website\/wp-json\/wp\/v2\/posts\/28963"}],"collection":[{"href":"https:\/\/www.messinaoggi.it\/website\/wp-json\/wp\/v2\/posts"}],"about":[{"href":"https:\/\/www.messinaoggi.it\/website\/wp-json\/wp\/v2\/types\/post"}],"author":[{"embeddable":true,"href":"https:\/\/www.messinaoggi.it\/website\/wp-json\/wp\/v2\/users\/2"}],"replies":[{"embeddable":true,"href":"https:\/\/www.messinaoggi.it\/website\/wp-json\/wp\/v2\/comments?post=28963"}],"version-history":[{"count":0,"href":"https:\/\/www.messinaoggi.it\/website\/wp-json\/wp\/v2\/posts\/28963\/revisions"}],"wp:featuredmedia":[{"embeddable":true,"href":"https:\/\/www.messinaoggi.it\/website\/wp-json\/wp\/v2\/media\/28964"}],"wp:attachment":[{"href":"https:\/\/www.messinaoggi.it\/website\/wp-json\/wp\/v2\/media?parent=28963"}],"wp:term":[{"taxonomy":"category","embeddable":true,"href":"https:\/\/www.messinaoggi.it\/website\/wp-json\/wp\/v2\/categories?post=28963"},{"taxonomy":"post_tag","embeddable":true,"href":"https:\/\/www.messinaoggi.it\/website\/wp-json\/wp\/v2\/tags?post=28963"}],"curies":[{"name":"wp","href":"https:\/\/api.w.org\/{rel}","templated":true}]}}