{"id":28925,"date":"2019-01-30T09:58:35","date_gmt":"2019-01-30T08:58:35","guid":{"rendered":"http:\/\/www.messinaoggi.it\/website\/?p=28925"},"modified":"2019-01-30T09:58:35","modified_gmt":"2019-01-30T08:58:35","slug":"blitz-del-sindaco-a-messinaservizi-fit-cisl-la-qualita-del-lavoro-non-si-misura-dagli-orari-flessibili","status":"publish","type":"post","link":"https:\/\/www.messinaoggi.it\/website\/2019\/01\/30\/blitz-del-sindaco-a-messinaservizi-fit-cisl-la-qualita-del-lavoro-non-si-misura-dagli-orari-flessibili\/","title":{"rendered":"Blitz del sindaco a MessinaServizi, Fit-Cisl: &quot;La qualit\u00e0 del lavoro non si misura dagli orari flessibili&quot;"},"content":{"rendered":"<p class=\"p1\"><span class=\"s1\">\u00abNella sua furia iconoclasta, il sindaco Cateno De Luca ogni tanto sembra dimenticare che esistono strumenti di legge che regolano tempi e modi di lavoro\u00bb. Cos\u00ec Letterio D&#8217;Amico, segretario provinciale della Fit Cisl, commenta il &#8220;blitz&#8221; di stamattina del primo cittadino nei locali di Messina Servizi Bene Comune, con tanto di post su Facebook.<\/span><div id=\"div-gpt-ad-Messinaoggi.it-DSK-300x250-corpoart\" style=\"text-align:center;margin:0 auto;\"><\/div><\/p>\n<p class=\"p1\"><span class=\"s1\">\u00abQuando il sindaco si scaglia contro gli orari flessibili di ingresso, uscita e pausa pranzo dei dipendenti, dovrebbe sapere che il contatto collettivo nazionale di lavoro impone 38 ore settimanali per tutti, indipendentemente dall&#8217;orario di entrata, e che la flessibilit\u00e0 del lavoro \u00e8 una delle conquiste pi\u00f9 significativamente impattanti sulla qualit\u00e0 del lavoro stesso. Spiace notare &#8211; continua Letterio D&#8217;Amico &#8211; come nell&#8217;immaginario del sindaco, si sia fermi ancora ad una concezione quantitativa del lavoro nel settore pubblico: la gestione del lavoro della partecipata non segue il modello &#8220;fordista&#8221;, da catena di montaggio. E infatti il sindaco stia tranquillo \u2013 prosegue il segretario provinciale della Fit Cisl &#8211; non \u00e8 l&#8217;orario di ingresso o di pausa pranzo a determinare la qualit\u00e0 del lavoro dei dipendenti. Ma su questo Cateno De Luca sorvola facendo finta di nulla quando il personale \u00e8 fortemente messo in difficolt\u00e0 dalle condizioni in cui si trova a lavorare. In estate, tre colleghe sono finite in ospedale per malori derivati dall&#8217;assenza di aria condizionata e da mesi negli uffici si lavora indossando i giubbotti per mancanza di riscaldamenti. Ogni tanto &#8211; ha concluso &#8211; ci piacerebbe leggere un suo post pregno d&#8217;indignazione anche su questo\u00bb.<\/span><div id=\"videoincontent\" style=\"clear:both\";><\/div><\/p>\n","protected":false},"excerpt":{"rendered":"<p>\u00abNella sua furia iconoclasta, il sindaco Cateno De Luca ogni tanto sembra dimenticare che esistono strumenti di legge che regolano tempi e modi di lavoro\u00bb. Cos\u00ec Letterio D&#8217;Amico, segretario provinciale della Fit Cisl, commenta il &#8220;blitz&#8221; di stamattina del primo cittadino nei locali di Messina Servizi Bene Comune, con tanto di post su Facebook. \u00abQuando [&hellip;]<\/p>\n","protected":false},"author":2,"featured_media":0,"comment_status":"closed","ping_status":"open","sticky":false,"template":"","format":"standard","meta":{"ub_ctt_via":"","_mi_skip_tracking":false},"categories":[5],"tags":[],"featured_image_src":null,"author_info":{"display_name":"Redazione","author_link":"https:\/\/www.messinaoggi.it\/website\/author\/redazione\/"},"digistream_id":0,"digistream":false,"_links":{"self":[{"href":"https:\/\/www.messinaoggi.it\/website\/wp-json\/wp\/v2\/posts\/28925"}],"collection":[{"href":"https:\/\/www.messinaoggi.it\/website\/wp-json\/wp\/v2\/posts"}],"about":[{"href":"https:\/\/www.messinaoggi.it\/website\/wp-json\/wp\/v2\/types\/post"}],"author":[{"embeddable":true,"href":"https:\/\/www.messinaoggi.it\/website\/wp-json\/wp\/v2\/users\/2"}],"replies":[{"embeddable":true,"href":"https:\/\/www.messinaoggi.it\/website\/wp-json\/wp\/v2\/comments?post=28925"}],"version-history":[{"count":0,"href":"https:\/\/www.messinaoggi.it\/website\/wp-json\/wp\/v2\/posts\/28925\/revisions"}],"wp:attachment":[{"href":"https:\/\/www.messinaoggi.it\/website\/wp-json\/wp\/v2\/media?parent=28925"}],"wp:term":[{"taxonomy":"category","embeddable":true,"href":"https:\/\/www.messinaoggi.it\/website\/wp-json\/wp\/v2\/categories?post=28925"},{"taxonomy":"post_tag","embeddable":true,"href":"https:\/\/www.messinaoggi.it\/website\/wp-json\/wp\/v2\/tags?post=28925"}],"curies":[{"name":"wp","href":"https:\/\/api.w.org\/{rel}","templated":true}]}}