{"id":28785,"date":"2019-01-25T09:27:39","date_gmt":"2019-01-25T08:27:39","guid":{"rendered":"http:\/\/www.messinaoggi.it\/website\/?p=28785"},"modified":"2019-01-25T09:27:39","modified_gmt":"2019-01-25T08:27:39","slug":"risanamento-lamministrazione-incontra-il-fronte-popolare-si-cobas","status":"publish","type":"post","link":"https:\/\/www.messinaoggi.it\/website\/2019\/01\/25\/risanamento-lamministrazione-incontra-il-fronte-popolare-si-cobas\/","title":{"rendered":"Risanamento, l&#039;amministrazione incontra il &quot;Fronte Popolare S\u00ec Cobas&quot;"},"content":{"rendered":"<p class=\"p1\" style=\"text-align: justify;\"><span class=\"s1\">Il vicesindaco Salvatore Mondello, con gli assessori alle Politiche Sociali, Alessandra Calafiore, e alla Protezione Civile, Massimiliano Minutoli, e Alessia Giorgianni componente del CdA di A.Ris.Me, hanno incontrato, nella sala Falcone Borsellino di Palazzo Zanca, alcuni rappresentanti del Fronte Popolare Autorganizzato &#8220;Si Cobas&#8221;, rappresentati da Valentina Roberto.<\/span><div id=\"div-gpt-ad-Messinaoggi.it-DSK-300x250-corpoart\" style=\"text-align:center;margin:0 auto;\"><\/div><\/p>\n<p class=\"p1\" style=\"text-align: justify;\"><span class=\"s1\">Sono state numerose le problematiche affrontate, dalla morosit\u00e0 incolpevole, per la quale a breve usciranno i bandi, all\u2019emergenza abitativa per la quale sar\u00e0 predisposto un regolamento anche al fine di favorire l\u2019auto-recupero degli alloggi nella disponibilit\u00e0 del Comune. <\/span><div id=\"videoincontent\" style=\"clear:both\";><\/div><\/p>\n<p class=\"p1\" style=\"text-align: justify;\"><span class=\"s1\">In merito alla tematica del risanamento sono stati forniti gli ultimi aggiornamenti sia sulle risorse disponibili sia sugli alloggi che al momento sono in corso di valutazione. Infine si \u00e8 parlato del Decreto sicurezza e delle modalit\u00e0 con le quali sar\u00e0 gestita la condizione delle persone che non potranno rimanere in alcuni immobili, quali ad esempio le scuole, per le quali si dovranno valutare delle soluzioni a breve termine.<\/span><\/p>\n","protected":false},"excerpt":{"rendered":"<p>Il vicesindaco Salvatore Mondello, con gli assessori alle Politiche Sociali, Alessandra Calafiore, e alla Protezione Civile, Massimiliano Minutoli, e Alessia Giorgianni componente del CdA di A.Ris.Me, hanno incontrato, nella sala Falcone Borsellino di Palazzo Zanca, alcuni rappresentanti del Fronte Popolare Autorganizzato &#8220;Si Cobas&#8221;, rappresentati da Valentina Roberto. Sono state numerose le problematiche affrontate, dalla morosit\u00e0 [&hellip;]<\/p>\n","protected":false},"author":2,"featured_media":11575,"comment_status":"closed","ping_status":"open","sticky":false,"template":"","format":"standard","meta":{"ub_ctt_via":"","_mi_skip_tracking":false},"categories":[4],"tags":[],"featured_image_src":"https:\/\/www.messinaoggi.it\/website\/wp-content\/uploads\/2017\/11\/baracche-vista-dallalto-messina-messinoggi.jpeg","author_info":{"display_name":"Redazione","author_link":"https:\/\/www.messinaoggi.it\/website\/author\/redazione\/"},"digistream_id":0,"digistream":false,"_links":{"self":[{"href":"https:\/\/www.messinaoggi.it\/website\/wp-json\/wp\/v2\/posts\/28785"}],"collection":[{"href":"https:\/\/www.messinaoggi.it\/website\/wp-json\/wp\/v2\/posts"}],"about":[{"href":"https:\/\/www.messinaoggi.it\/website\/wp-json\/wp\/v2\/types\/post"}],"author":[{"embeddable":true,"href":"https:\/\/www.messinaoggi.it\/website\/wp-json\/wp\/v2\/users\/2"}],"replies":[{"embeddable":true,"href":"https:\/\/www.messinaoggi.it\/website\/wp-json\/wp\/v2\/comments?post=28785"}],"version-history":[{"count":0,"href":"https:\/\/www.messinaoggi.it\/website\/wp-json\/wp\/v2\/posts\/28785\/revisions"}],"wp:featuredmedia":[{"embeddable":true,"href":"https:\/\/www.messinaoggi.it\/website\/wp-json\/wp\/v2\/media\/11575"}],"wp:attachment":[{"href":"https:\/\/www.messinaoggi.it\/website\/wp-json\/wp\/v2\/media?parent=28785"}],"wp:term":[{"taxonomy":"category","embeddable":true,"href":"https:\/\/www.messinaoggi.it\/website\/wp-json\/wp\/v2\/categories?post=28785"},{"taxonomy":"post_tag","embeddable":true,"href":"https:\/\/www.messinaoggi.it\/website\/wp-json\/wp\/v2\/tags?post=28785"}],"curies":[{"name":"wp","href":"https:\/\/api.w.org\/{rel}","templated":true}]}}