{"id":28709,"date":"2019-01-23T10:00:34","date_gmt":"2019-01-23T09:00:34","guid":{"rendered":"http:\/\/www.messinaoggi.it\/website\/?p=28709"},"modified":"2019-01-23T10:00:34","modified_gmt":"2019-01-23T09:00:34","slug":"floresta-salva-la-sala-da-barba-il-comune-da-i-locali-in-comodato","status":"publish","type":"post","link":"https:\/\/www.messinaoggi.it\/website\/2019\/01\/23\/floresta-salva-la-sala-da-barba-il-comune-da-i-locali-in-comodato\/","title":{"rendered":"Floresta: salvo il salone da barba, il Comune d\u00e0 i locali in comodato"},"content":{"rendered":"<p style=\"text-align: justify;\">Rischiava di chiudere se non fosse intervenuta la giunta municipale composta dal<span class=\"s1\">\u00a0sindaco Antonino Cappadona e gli assessori Filippo Monforte, Federica Lupica Rinato e Giacomo Scalisi. Il salone da barba \u00e8 salvo perch\u00e9 l&#8217;amministrazione ha concesso i locali all&#8217;esercizio in comodato d&#8217;uso.<\/span><div id=\"div-gpt-ad-Messinaoggi.it-DSK-300x250-corpoart\" style=\"text-align:center;margin:0 auto;\"><\/div><\/p>\n<p class=\"p1\" style=\"text-align: justify;\"><span class=\"s1\">Infatti in questo comune dal oltre un ventennio non viene svolta \u2013 in maniera continuativa e giornaliera \u2013 l\u2019attivit\u00e0 di barbiere e parrucchiere ragione per cui la popolazione anziana che costituisce circa il 45% (ultrasessantenni) dei residenti per la cura della propria persona o sono costretti a spostarsi con mezzi propri, per carenza di servizi pubblici di linea, nei pi\u00f9 vicini centri limitrofi che distano oltre 15 Km con notevoli disagi compresi anche quelli economici.<\/span><div id=\"videoincontent\" style=\"clear:both\";><\/div><\/p>\n<p class=\"p1\" style=\"text-align: justify;\"><span class=\"s1\">Un malessere accentuato per gli anziani non pi\u00f9 autosufficienti che devono ricorrere a utilizzare, a chiamate l\u2019intervento di personale esterno, non sempre disponibile.<\/span><\/p>\n<p class=\"p1\" style=\"text-align: justify;\"><span class=\"s1\">A svolgere l\u2019attivit\u00e0 di barbiere\\parrucchiere \u00e8 stato, un\u2019istituzione Settimo Manera Settimo che apriva bottega per un giorno la settimana, anche con servizio a domicilio con buona soddisfazione da parte degli utenti.\u00a0<\/span><span class=\"s1\">Ma a novembre Settimo comunica che \u201csar\u00e0 costretto a sospendere l\u2019attivit\u00e0 per mancanza di locali dove svolgere il servizio\u201d Una comunicazione alla quale faceva seguito la richiesta al Comune di avere la possibilit\u00e0 di potere ottenere la gestione in uso di locali comunali come base logistica per l\u2019attivit\u00e0 stessa.<\/span><\/p>\n<p class=\"p1\" style=\"text-align: justify;\"><span class=\"s1\">Il sindaco Antonino Cappadona, consapevole che tale situazione ha sollevato giuste lamentele stante che tale servizio risolve non solo disagi sociali per la terza et\u00e0 ma anche perch\u00e9 viene cos\u00ec a mancare un servizio utile se non indispensabile per tutta la collettivit\u00e0 ha individuato che il comune ha nella sua disponibilit\u00e0 dei locali, ex alloggi popolari, non pi\u00f9 idonei allo scopo per le modestissime dimensioni (n. 1 vano + servizi ) in via Umberto quasi mq.30, oggi in disuso che potrebbero essere concessi in comodato d\u2019uso, a titolo gratuito al sig. Manera Settimo proprio per l\u2019esercizio di barbiere-parrucchiere;<\/span><\/p>\n<p class=\"p1\" style=\"text-align: justify;\"><span class=\"s1\">Una scelta condivisa e supportata da una serie di precedenti nazionali che ne assicurano idoneit\u00e0, conformit\u00e0, e liceit\u00e0 e dove \u201cil principio generale di redditivit\u00e0 del bene pubblico pu\u00f2 essere mitigato od escluso ove venga perseguito un interesse pubblico equivalente o addirittura superiore rispetto a quello che viene perseguito mediante lo sfruttamento economico dei beni\u201d;<\/span><\/p>\n<p class=\"p1\" style=\"text-align: justify;\"><span class=\"s1\">Del resto dice il sinbdaco soddisfatto della decisione adottata la stessa Costituzione Italiana, prevede che \u201cStato, Regioni, Citt\u00e0 Metropolitane, Province e Comuni favoriscono l\u2019autonoma iniziativa dei cittadini, singoli e associati, per lo svolgimento di attivit\u00e0 di interesse generale, sulla base del principio di sussidiariet\u00e0\u201d;<\/span><\/p>\n<p class=\"p1\" style=\"text-align: justify;\"><span class=\"s1\">E quindi il comune ha il diritto di concedere in comodato beni mobili ed immobili di sua propriet\u00e0, non utilizzati per fini istituzionali, per quelle attivit\u00e0 dove ravvisa un servizio di promozione sociale e umana e quindi qui il gli interessi e promuovere lo sviluppo della comunit\u00e0 amministrata diventa l\u2019obiettivo proficuo dell\u2019azione.<\/span><\/p>\n<p class=\"p1\" style=\"text-align: justify;\"><span class=\"s1\">Settimo Manera potr\u00e0 quindi continuare a svolgere la sua attivit\u00e0 nello spazio individuato in comodato d\u2019uso gratuito in quanto persegue finalit\u00e0 di interesse collettivo, per l\u2019attivit\u00e0 di barbiere\/parrucchiere nel territorio comunale assicurando un minimo di presenza di giorni uno settimanali con la compartecipazione delle spese per i consumi e di tuti gli oneri di manutenzione dell\u2019immobile.<\/span><\/p>\n<p class=\"p1\" style=\"text-align: justify;\"><span class=\"s1\">Il contratto di comodato sar\u00e0 per tre anni.<\/span><\/p>\n","protected":false},"excerpt":{"rendered":"<p>Rischiava di chiudere se non fosse intervenuta la giunta municipale composta dal\u00a0sindaco Antonino Cappadona e gli assessori Filippo Monforte, Federica Lupica Rinato e Giacomo Scalisi. Il salone da barba \u00e8 salvo perch\u00e9 l&#8217;amministrazione ha concesso i locali all&#8217;esercizio in comodato d&#8217;uso. Infatti in questo comune dal oltre un ventennio non viene svolta \u2013 in maniera [&hellip;]<\/p>\n","protected":false},"author":2,"featured_media":28710,"comment_status":"closed","ping_status":"open","sticky":false,"template":"","format":"standard","meta":{"ub_ctt_via":"","_mi_skip_tracking":false},"categories":[5],"tags":[],"featured_image_src":"https:\/\/www.messinaoggi.it\/website\/wp-content\/uploads\/2019\/01\/Barbiere-681x492-1.jpg","author_info":{"display_name":"Redazione","author_link":"https:\/\/www.messinaoggi.it\/website\/author\/redazione\/"},"digistream_id":0,"digistream":false,"_links":{"self":[{"href":"https:\/\/www.messinaoggi.it\/website\/wp-json\/wp\/v2\/posts\/28709"}],"collection":[{"href":"https:\/\/www.messinaoggi.it\/website\/wp-json\/wp\/v2\/posts"}],"about":[{"href":"https:\/\/www.messinaoggi.it\/website\/wp-json\/wp\/v2\/types\/post"}],"author":[{"embeddable":true,"href":"https:\/\/www.messinaoggi.it\/website\/wp-json\/wp\/v2\/users\/2"}],"replies":[{"embeddable":true,"href":"https:\/\/www.messinaoggi.it\/website\/wp-json\/wp\/v2\/comments?post=28709"}],"version-history":[{"count":0,"href":"https:\/\/www.messinaoggi.it\/website\/wp-json\/wp\/v2\/posts\/28709\/revisions"}],"wp:featuredmedia":[{"embeddable":true,"href":"https:\/\/www.messinaoggi.it\/website\/wp-json\/wp\/v2\/media\/28710"}],"wp:attachment":[{"href":"https:\/\/www.messinaoggi.it\/website\/wp-json\/wp\/v2\/media?parent=28709"}],"wp:term":[{"taxonomy":"category","embeddable":true,"href":"https:\/\/www.messinaoggi.it\/website\/wp-json\/wp\/v2\/categories?post=28709"},{"taxonomy":"post_tag","embeddable":true,"href":"https:\/\/www.messinaoggi.it\/website\/wp-json\/wp\/v2\/tags?post=28709"}],"curies":[{"name":"wp","href":"https:\/\/api.w.org\/{rel}","templated":true}]}}