{"id":28594,"date":"2019-01-18T09:45:15","date_gmt":"2019-01-18T08:45:15","guid":{"rendered":"http:\/\/www.messinaoggi.it\/website\/?p=28594"},"modified":"2019-01-18T09:45:15","modified_gmt":"2019-01-18T08:45:15","slug":"sciotto-ampie-garanzie-a-squadra-e-genevier","status":"publish","type":"post","link":"https:\/\/www.messinaoggi.it\/website\/2019\/01\/18\/sciotto-ampie-garanzie-a-squadra-e-genevier\/","title":{"rendered":"Sciotto: &quot;Ampie garanzie a squadra e Genevier&quot;"},"content":{"rendered":"<p class=\"p1\"><span class=\"s1\">In riferimento alle indiscrezioni di mercato legate al futuro di Gael Genevier, il presidente Pietro Sciotto dichiara: \u00a0\u201cHo dato a Genevier tutte le garanzie che il giocatore ha richiesto e siamo in regola con il pagamento degli stipendi alla squadra. Anzi, ho gi\u00e0 dato mandato di provvedere, nella giornata di domani, al pagamento in anticipo di tutte le spettanze in scadenza il 20 gennaio e il 5 febbraio. <\/span><div id=\"div-gpt-ad-Messinaoggi.it-DSK-300x250-corpoart\" style=\"text-align:center;margin:0 auto;\"><\/div><\/p>\n<p class=\"p1\"><span class=\"s1\">Confido nel fatto che Genevier, nonostante le lusinghe da altre piazze, resti al centro del progetto Messina rispettando l\u2019accordo preso con la societ\u00e0 perch\u00e9 su di lui abbiamo puntato per il rilancio della squadra nel girone di ritorno. Anzi, con Genevier abbiamo approntato un discorso sul lungo periodo per farlo diventare uomo-simbolo del Messina anche quando decider\u00e0 di non giocare pi\u00f9. Ritengo che l\u2019intenzione di Genevier di lasciare Messina possa dipendere da una vantaggiosa offerta per un contratto biennale ricevuta da una societ\u00e0 di serie C. Ho comunque gi\u00e0 comunicato a Genevier che rester\u00e0 tesserato al Messina sino al 30 giugno 2019 come da contratto sottoscritto e che c\u2019\u00e8 la disponibilit\u00e0 per un biennale\u201d. <\/span><div id=\"videoincontent\" style=\"clear:both\";><\/div><\/p>\n<p class=\"p1\"><span class=\"s1\">La societ\u00e0, considerato il delicato momento, ha deciso di attuare il silenzio stampa di tutti i tesserati per restare uniti e concentrati in vista della importante trasferta di Marsala. \u201cSono convinto &#8211; conclude Sciotto &#8211; che la squadra pu\u00f2 centrare un risultato pieno che ci rilanci verso la conquista dei play off\u201d.<\/span><\/p>\n","protected":false},"excerpt":{"rendered":"<p>In riferimento alle indiscrezioni di mercato legate al futuro di Gael Genevier, il presidente Pietro Sciotto dichiara: \u00a0\u201cHo dato a Genevier tutte le garanzie che il giocatore ha richiesto e siamo in regola con il pagamento degli stipendi alla squadra. Anzi, ho gi\u00e0 dato mandato di provvedere, nella giornata di domani, al pagamento in anticipo [&hellip;]<\/p>\n","protected":false},"author":2,"featured_media":7071,"comment_status":"closed","ping_status":"open","sticky":false,"template":"","format":"standard","meta":{"ub_ctt_via":"","_mi_skip_tracking":false},"categories":[10,9],"tags":[],"featured_image_src":"https:\/\/www.messinaoggi.it\/website\/wp-content\/uploads\/2017\/08\/ok-RRP_8929-2.jpg","author_info":{"display_name":"Redazione","author_link":"https:\/\/www.messinaoggi.it\/website\/author\/redazione\/"},"digistream_id":0,"digistream":false,"_links":{"self":[{"href":"https:\/\/www.messinaoggi.it\/website\/wp-json\/wp\/v2\/posts\/28594"}],"collection":[{"href":"https:\/\/www.messinaoggi.it\/website\/wp-json\/wp\/v2\/posts"}],"about":[{"href":"https:\/\/www.messinaoggi.it\/website\/wp-json\/wp\/v2\/types\/post"}],"author":[{"embeddable":true,"href":"https:\/\/www.messinaoggi.it\/website\/wp-json\/wp\/v2\/users\/2"}],"replies":[{"embeddable":true,"href":"https:\/\/www.messinaoggi.it\/website\/wp-json\/wp\/v2\/comments?post=28594"}],"version-history":[{"count":0,"href":"https:\/\/www.messinaoggi.it\/website\/wp-json\/wp\/v2\/posts\/28594\/revisions"}],"wp:featuredmedia":[{"embeddable":true,"href":"https:\/\/www.messinaoggi.it\/website\/wp-json\/wp\/v2\/media\/7071"}],"wp:attachment":[{"href":"https:\/\/www.messinaoggi.it\/website\/wp-json\/wp\/v2\/media?parent=28594"}],"wp:term":[{"taxonomy":"category","embeddable":true,"href":"https:\/\/www.messinaoggi.it\/website\/wp-json\/wp\/v2\/categories?post=28594"},{"taxonomy":"post_tag","embeddable":true,"href":"https:\/\/www.messinaoggi.it\/website\/wp-json\/wp\/v2\/tags?post=28594"}],"curies":[{"name":"wp","href":"https:\/\/api.w.org\/{rel}","templated":true}]}}