{"id":28525,"date":"2019-01-16T14:08:14","date_gmt":"2019-01-16T13:08:14","guid":{"rendered":"http:\/\/www.messinaoggi.it\/website\/?p=28525"},"modified":"2019-01-16T14:08:14","modified_gmt":"2019-01-16T13:08:14","slug":"franza-da-oggi-la-nostra-azienda-non-sara-piu-locale","status":"publish","type":"post","link":"https:\/\/www.messinaoggi.it\/website\/2019\/01\/16\/franza-da-oggi-la-nostra-azienda-non-sara-piu-locale\/","title":{"rendered":"Franza: \u201cDa oggi la nostra azienda non sar\u00e0 pi\u00f9 locale\u201d"},"content":{"rendered":"<p>&#8220;Da oggi Caronte&amp;Tourist non \u00e8 pi\u00f9 solo un delle tante aziende locali ma adesso pu\u00f2 legittimamente aspirare a ben altri obiettivi, che saranno non solo nell&#8217;interesse proprio ma anche dei territori in cui \u00e8 nata e cresciuta e a beneficio anche delle parti sociali e dell&#8217;ambiente&#8221;. Lo ha detto l&#8217;amministratore delegato del Gruppo Caronte&amp;Tourist Vincenzo Franza presentando a Palazzo dei Normanni l&#8217;accordo con il fondo Basalt\u00a0infrastrutture Partners, alla presenza del Governatore siciliano Nello Musumeci. &#8220;Abbiamo trovato il partner che cercavamo in Basalt\u00a0che nella persona di Jon Hanna e del suo team ha duramente lavorato per chiudere questa operazione&#8221;, dice Franza. &#8220;Dopo avere valutato la possibilit\u00e0 di quotare in borsa la societ\u00e0- dice ancora Franza- abbiamo ricevuto l&#8217;interesse di un partner finanziario capace di apprezzare le strategie e gli investimenti di lungo periodo \u00e8 disponibile ad affiancarci nel percorso inevitabilmente non breve per la realizzazione del nostro piano&#8221;. &#8220;Abbiamo quindi scelto come partner un cosiddetto fondo infrastrutturale, presente anche in contesti simili a quelli in cui opera Caronte&amp;Tourist, che sia capace di garantire la stabilit\u00e0 dell&#8217;investimento, apportando al contempo tutta la professionalit\u00e0 necessaria e garantire che Caronte&amp;Tourist sia un&#8217;azienda gestita secondo criteri di qualit\u00e0 di livello internazionale e che quindi possa godere della fiducia degli operatori degli altri mercati in cui andr\u00e0 a operare&#8221;.<div id=\"div-gpt-ad-Messinaoggi.it-DSK-300x250-corpoart\" style=\"text-align:center;margin:0 auto;\"><\/div><\/p>\n<div id=\"videoincontent\" style=\"clear:both\";><\/div>","protected":false},"excerpt":{"rendered":"<p>&#8220;Da oggi Caronte&amp;Tourist non \u00e8 pi\u00f9 solo un delle tante aziende locali ma adesso pu\u00f2 legittimamente aspirare a ben altri obiettivi, che saranno non solo nell&#8217;interesse proprio ma anche dei territori in cui \u00e8 nata e cresciuta e a beneficio anche delle parti sociali e dell&#8217;ambiente&#8221;. Lo ha detto l&#8217;amministratore delegato del Gruppo Caronte&amp;Tourist Vincenzo [&hellip;]<\/p>\n","protected":false},"author":2,"featured_media":8236,"comment_status":"closed","ping_status":"open","sticky":false,"template":"","format":"standard","meta":{"ub_ctt_via":"","_mi_skip_tracking":false},"categories":[6],"tags":[],"featured_image_src":"https:\/\/www.messinaoggi.it\/website\/wp-content\/uploads\/2017\/09\/L-genovese-palaculturaRRP_7539-2.jpg","author_info":{"display_name":"Redazione","author_link":"https:\/\/www.messinaoggi.it\/website\/author\/redazione\/"},"digistream_id":0,"digistream":false,"_links":{"self":[{"href":"https:\/\/www.messinaoggi.it\/website\/wp-json\/wp\/v2\/posts\/28525"}],"collection":[{"href":"https:\/\/www.messinaoggi.it\/website\/wp-json\/wp\/v2\/posts"}],"about":[{"href":"https:\/\/www.messinaoggi.it\/website\/wp-json\/wp\/v2\/types\/post"}],"author":[{"embeddable":true,"href":"https:\/\/www.messinaoggi.it\/website\/wp-json\/wp\/v2\/users\/2"}],"replies":[{"embeddable":true,"href":"https:\/\/www.messinaoggi.it\/website\/wp-json\/wp\/v2\/comments?post=28525"}],"version-history":[{"count":0,"href":"https:\/\/www.messinaoggi.it\/website\/wp-json\/wp\/v2\/posts\/28525\/revisions"}],"wp:featuredmedia":[{"embeddable":true,"href":"https:\/\/www.messinaoggi.it\/website\/wp-json\/wp\/v2\/media\/8236"}],"wp:attachment":[{"href":"https:\/\/www.messinaoggi.it\/website\/wp-json\/wp\/v2\/media?parent=28525"}],"wp:term":[{"taxonomy":"category","embeddable":true,"href":"https:\/\/www.messinaoggi.it\/website\/wp-json\/wp\/v2\/categories?post=28525"},{"taxonomy":"post_tag","embeddable":true,"href":"https:\/\/www.messinaoggi.it\/website\/wp-json\/wp\/v2\/tags?post=28525"}],"curies":[{"name":"wp","href":"https:\/\/api.w.org\/{rel}","templated":true}]}}