{"id":28429,"date":"2019-01-13T23:15:04","date_gmt":"2019-01-13T22:15:04","guid":{"rendered":"http:\/\/www.messinaoggi.it\/website\/?p=28429"},"modified":"2019-01-13T23:15:04","modified_gmt":"2019-01-13T22:15:04","slug":"risanamento-baraccopoli-lasciateci-lavorare-di-scurria","status":"publish","type":"post","link":"https:\/\/www.messinaoggi.it\/website\/2019\/01\/13\/risanamento-baraccopoli-lasciateci-lavorare-di-scurria\/","title":{"rendered":"Risanamento baraccopoli, lasciateci lavorare!"},"content":{"rendered":"<p style=\"text-align: justify;\">Dopo decenni di ritardi, di scelte sbagliate e ataviche sottovalutazioni, l\u2019aver acceso i riflettori (costituzione Agenzia, recupero e riprogrammazione fondi regionali, etc.), ha determinato forti aspettative e, paradossalmente, alimentato polemiche di ritorno, da tempo sopite.<div id=\"div-gpt-ad-Messinaoggi.it-DSK-300x250-corpoart\" style=\"text-align:center;margin:0 auto;\"><\/div><\/p>\n<div class=\"text_exposed_show\">\n<p style=\"text-align: justify;\">Se il Governo nazionale, marcatamente nordista, non ha voluto riconoscere lo stato di emergenza, utilizzando argomenti speciosi ed incomprensibili, non pu\u00f2 e non deve diventare motivo di polemica politica contro chi ha lavorato con seriet\u00e0 per accelerare e risolvere il dramma pi\u00f9 grave di Messina.<div id=\"videoincontent\" style=\"clear:both\";><\/div><\/p>\n<p style=\"text-align: justify;\">Le date fissate nell\u2019ordinanza del Sindaco, non mi stancher\u00f2 mai di ripeterlo, erano coerenti con la conclamata grave situazione igienico-sanitaria e la contestuale richiesta dello stato di emergenza. Preso atto che bisogner\u00e0 affrontare e risolvere la complessa questione con mezzi \u2018ordinari\u2019, e\u2019 iniziato il lavoro, giorno dopo giorno, per sperimentare nuove soluzioni.<\/p>\n<p><img loading=\"lazy\" class=\"size-medium wp-image-24132 alignright\" src=\"http:\/\/www.messinaoggi.it\/website\/wp-content\/uploads\/2018\/09\/de-luca-scurria-300x200.jpg\" alt=\"\" width=\"300\" height=\"200\" \/><\/p>\n<p style=\"text-align: justify;\">Chiedere e vigilare che non si perda pi\u00f9 tempo e\u2019 assolutamente giusto.\u00a0Per chi aspetta da una vita, il tempo non e\u2019 una variabile ininfluente.<\/p>\n<p style=\"text-align: justify;\">Al contrario, \u00e8 ingiusto lamentarsi o, peggio, pretendere che in poche settimane o qualche mese le baraccopoli diventino un brutto ricordo. Se il problema \u00e8 complesso non esistono soluzioni semplici e rapide. Nei giorni scorsi, sollecitato da un gruppo di famiglie che sopravvivono nelle baracche, mi sono recato nella parte alta del fondo Pugliatti.<\/p>\n<p style=\"text-align: justify;\">Ho \u2018scoperto\u2019 una baraccopoli mai censita dove, purtroppo, vivono o, meglio, sopravvivono (nel 2019) tante famiglie Messinesi.\u00a0 Non so quando si e\u2019 formato questo piccolo agglomerato costruito senza alcuna regola (l\u2019amianto non manca). Un paio di queste casupole, addirittura, sono state costruite sopra una galleria abbandonata delle ferrovie. Qui, oltre a tutto il resto, le norme antisismiche non sono mai arrivate.<br \/>\nSiamo a Messina, a pochi metri dal Viale .,.. Europa!<\/p>\n<p style=\"text-align: justify;\">Lasciateci lavorare.\u00a0 Vedrete, il 2019 sara\u2019 l\u2019anno della svolta.<\/p>\n<p style=\"text-align: right;\"><strong>Marcello Scurria<\/strong> (presidente Arism\u00e9)<\/p>\n<p> \n<\/p><\/div>\n","protected":false},"excerpt":{"rendered":"<p>Dopo decenni di ritardi, di scelte sbagliate e ataviche sottovalutazioni, l\u2019aver acceso i riflettori (costituzione Agenzia, recupero e riprogrammazione fondi regionali, etc.), ha determinato forti aspettative e, paradossalmente, alimentato polemiche di ritorno, da tempo sopite. Se il Governo nazionale, marcatamente nordista, non ha voluto riconoscere lo stato di emergenza, utilizzando argomenti speciosi ed incomprensibili, non [&hellip;]<\/p>\n","protected":false},"author":2,"featured_media":11575,"comment_status":"closed","ping_status":"open","sticky":false,"template":"","format":"standard","meta":{"ub_ctt_via":"","_mi_skip_tracking":false},"categories":[6],"tags":[],"featured_image_src":"https:\/\/www.messinaoggi.it\/website\/wp-content\/uploads\/2017\/11\/baracche-vista-dallalto-messina-messinoggi.jpeg","author_info":{"display_name":"Redazione","author_link":"https:\/\/www.messinaoggi.it\/website\/author\/redazione\/"},"digistream_id":0,"digistream":false,"_links":{"self":[{"href":"https:\/\/www.messinaoggi.it\/website\/wp-json\/wp\/v2\/posts\/28429"}],"collection":[{"href":"https:\/\/www.messinaoggi.it\/website\/wp-json\/wp\/v2\/posts"}],"about":[{"href":"https:\/\/www.messinaoggi.it\/website\/wp-json\/wp\/v2\/types\/post"}],"author":[{"embeddable":true,"href":"https:\/\/www.messinaoggi.it\/website\/wp-json\/wp\/v2\/users\/2"}],"replies":[{"embeddable":true,"href":"https:\/\/www.messinaoggi.it\/website\/wp-json\/wp\/v2\/comments?post=28429"}],"version-history":[{"count":0,"href":"https:\/\/www.messinaoggi.it\/website\/wp-json\/wp\/v2\/posts\/28429\/revisions"}],"wp:featuredmedia":[{"embeddable":true,"href":"https:\/\/www.messinaoggi.it\/website\/wp-json\/wp\/v2\/media\/11575"}],"wp:attachment":[{"href":"https:\/\/www.messinaoggi.it\/website\/wp-json\/wp\/v2\/media?parent=28429"}],"wp:term":[{"taxonomy":"category","embeddable":true,"href":"https:\/\/www.messinaoggi.it\/website\/wp-json\/wp\/v2\/categories?post=28429"},{"taxonomy":"post_tag","embeddable":true,"href":"https:\/\/www.messinaoggi.it\/website\/wp-json\/wp\/v2\/tags?post=28429"}],"curies":[{"name":"wp","href":"https:\/\/api.w.org\/{rel}","templated":true}]}}